{"id":6009,"date":"2020-03-26T18:00:49","date_gmt":"2020-03-26T17:00:49","guid":{"rendered":"https:\/\/www.lembach.fr\/mairie\/?p=6009"},"modified":"2020-03-26T18:00:49","modified_gmt":"2020-03-26T17:00:49","slug":"covid-19-urgent-mobilisation-citoyenne","status":"publish","type":"post","link":"https:\/\/www.lembach.fr\/mairie\/2020\/03\/26\/covid-19-urgent-mobilisation-citoyenne\/","title":{"rendered":"Covid-19 : Urgent &#8211; Mobilisation citoyenne"},"content":{"rendered":"<p style=\"text-align: center;\"><strong>Message de la pr\u00e9fecture du Bas-Rhin<\/strong><\/p>\n<p>Mesdames, Messieurs,<\/p>\n<p>Le d\u00e9veloppement du Covid 19 et les fortes restrictions de d\u00e9placements appliqu\u00e9es en France ont un impact majeur sur les solidarit\u00e9s et l&rsquo;activit\u00e9 des associations. Le confinement fait, par ailleurs, peser un\u00a0 risque sur les personnes \u00e2g\u00e9es, handicap\u00e9es et\/ou isol\u00e9es. Or, si nous devons garantir la limitation drastique des d\u00e9placements, il convient \u00e9galement de ne pas mettre en danger les Fran\u00e7ais les plus fragiles ; nous pensons en particulier aux personnes isol\u00e9es ou dans la rue, \u00e0 celles qui sont porteuses de maladies chroniques ou en situation de handicap et \u00e0 nos a\u00een\u00e9s.<\/p>\n<p>Pour aider ces personnes fragiles, et dans le respect absolu des r\u00e8gles de s\u00e9curit\u00e9 sanitaire, 4 \u00ab\u00a0missions vitales \u00ab\u00a0, certaines port\u00e9es par les associations, collectivit\u00e9s, etc., ont \u00e9t\u00e9 identifi\u00e9es pour lesquelles, aujourd&rsquo;hui plus que jamais, il y a besoin de personnes pr\u00eates \u00e0 se mobiliser :<\/p>\n<p><strong>&#8211; l&rsquo;aide alimentaire et d&rsquo;urgence ;<\/strong><br \/>\n<strong>&#8211; la garde exceptionnelle d&rsquo;enfants des soignants ou des structures de l&rsquo;Aide Sociale \u00e0 l&rsquo;Enfance ;<\/strong><br \/>\n<strong>&#8211; le lien avec les personnes fragiles isol\u00e9es ;<\/strong><br \/>\n<strong>&#8211; la solidarit\u00e9 de proximit\u00e9.<\/strong><\/p>\n<p>L\u2019\u00c9tat propose aux associations et collectivit\u00e9s de publier toutes les annonces de missions vitales qui requi\u00e8rent l&rsquo;appui de nouveaux b\u00e9n\u00e9voles sur la plateforme <a href=\"https:\/\/covid19.reserve-civique.gouv.fr\/\" target=\"_blank\" rel=\"noopener noreferrer\"><strong>www.jeveuxaider.gouv.fr<\/strong><\/a><\/p>\n<p><strong>Cet outil permet \u00e9galement aux citoyens d\u00e9sireux de s&rsquo;engager de se faire connaitre.<\/strong><\/p>\n<p>L&rsquo;objectif de ce site est donc de mettre en lien les structures ayant identifi\u00e9 des besoins relevant de ces 4 missions vitales et des personnes pr\u00eates \u00e0 participer \u00e0 cette mobilisation g\u00e9n\u00e9rale pour les solidarit\u00e9s.<\/p>\n<p>En cas de difficult\u00e9 particuli\u00e8re pour publier votre annonce, une \u00e9quipe technique vous appuiera dans vos d\u00e9marches :<br \/>\n&#8211; contact \u00ab\u00a0collectivit\u00e9s\/associations\u00a0\u00bb : <a href=\"mailto:sandrine.samso@bas-rhin.gouv.fr\">sandrine.samso@bas-rhin.gouv.fr<\/a><br \/>\n&#8211; contact \u00ab\u00a0aidants\u00a0\u00bb : <a href=\"mailto:pascale.weber@bas-rhin.gouv.fr\">pascale.weber@bas-rhin.gouv.fr<\/a> ou <strong>06 02 10 06 76<\/strong><\/p>\n<p style=\"text-align: right;\">L&rsquo;\u00e9quipe \u00ab\u00a0mobilisation citoyenne\u00a0\u00bb<br \/>\nDirection d\u00e9partementale d\u00e9l\u00e9gu\u00e9e de la coh\u00e9sion sociale du Bas-Rhin<\/p>\n<p><a href=\"https:\/\/covid19.reserve-civique.gouv.fr\/\" target=\"_blank\" rel=\"noopener noreferrer\"><img loading=\"lazy\" decoding=\"async\" class=\"aligncenter size-full wp-image-6010\" src=\"https:\/\/www.lembach.fr\/mairie\/wp-content\/uploads\/2020\/03\/reserve_citoyenne.jpg\" alt=\"\" width=\"500\" height=\"142\" srcset=\"https:\/\/www.lembach.fr\/mairie\/wp-content\/uploads\/2020\/03\/reserve_citoyenne.jpg 500w, https:\/\/www.lembach.fr\/mairie\/wp-content\/uploads\/2020\/03\/reserve_citoyenne-300x85.jpg 300w\" sizes=\"auto, (max-width: 500px) 100vw, 500px\" \/><\/a><\/p>\n","protected":false},"excerpt":{"rendered":"<p>Message de la pr\u00e9fecture du Bas-Rhin Mesdames, Messieurs, Le d\u00e9veloppement du Covid 19 et les fortes restrictions de d\u00e9placements appliqu\u00e9es en France ont un impact majeur sur les solidarit\u00e9s et l&rsquo;activit\u00e9 des associations. Le confinement fait, par ailleurs, peser un\u00a0 risque sur les personnes \u00e2g\u00e9es, handicap\u00e9es et\/ou isol\u00e9es. Or, si nous devons garantir la limitation &hellip; <\/p>\n<p><a class=\"more-link btn\" href=\"https:\/\/www.lembach.fr\/mairie\/2020\/03\/26\/covid-19-urgent-mobilisation-citoyenne\/\">Lire la suite<\/a><\/p>\n","protected":false},"author":1,"featured_media":0,"comment_status":"closed","ping_status":"closed","sticky":false,"template":"","format":"standard","meta":{"footnotes":""},"categories":[24],"tags":[],"class_list":["post-6009","post","type-post","status-publish","format-standard","hentry","category-covid-19","item-wrap"],"_links":{"self":[{"href":"https:\/\/www.lembach.fr\/mairie\/wp-json\/wp\/v2\/posts\/6009","targetHints":{"allow":["GET"]}}],"collection":[{"href":"https:\/\/www.lembach.fr\/mairie\/wp-json\/wp\/v2\/posts"}],"about":[{"href":"https:\/\/www.lembach.fr\/mairie\/wp-json\/wp\/v2\/types\/post"}],"author":[{"embeddable":true,"href":"https:\/\/www.lembach.fr\/mairie\/wp-json\/wp\/v2\/users\/1"}],"replies":[{"embeddable":true,"href":"https:\/\/www.lembach.fr\/mairie\/wp-json\/wp\/v2\/comments?post=6009"}],"version-history":[{"count":0,"href":"https:\/\/www.lembach.fr\/mairie\/wp-json\/wp\/v2\/posts\/6009\/revisions"}],"wp:attachment":[{"href":"https:\/\/www.lembach.fr\/mairie\/wp-json\/wp\/v2\/media?parent=6009"}],"wp:term":[{"taxonomy":"category","embeddable":true,"href":"https:\/\/www.lembach.fr\/mairie\/wp-json\/wp\/v2\/categories?post=6009"},{"taxonomy":"post_tag","embeddable":true,"href":"https:\/\/www.lembach.fr\/mairie\/wp-json\/wp\/v2\/tags?post=6009"}],"curies":[{"name":"wp","href":"https:\/\/api.w.org\/{rel}","templated":true}]}}