{"id":5975,"date":"2020-04-24T18:56:04","date_gmt":"2020-04-24T16:56:04","guid":{"rendered":"https:\/\/www.lembach.fr\/mairie\/?p=5975"},"modified":"2020-04-25T10:44:07","modified_gmt":"2020-04-25T08:44:07","slug":"covid-19-horaires-douverture-des-commerces","status":"publish","type":"post","link":"https:\/\/www.lembach.fr\/mairie\/2020\/04\/24\/covid-19-horaires-douverture-des-commerces\/","title":{"rendered":"Covid-19 : horaires d&rsquo;ouverture des commerces (MAJ)"},"content":{"rendered":"<h4>Pendant la p\u00e9riode de confinement, les commerces et services ont des horaires restreints.<\/h4>\n<p>Au fur et \u00e0 mesure des informations, je mets en ligne ici les horaires d&rsquo;ouverture.<\/p>\n<p style=\"text-align: center;\"><strong>Helbringer Vincent<\/strong> :<br \/>\n<strong><span style=\"color: #ff0000;\">Nouveau !<\/span><\/strong><br \/>\n<strong><span style=\"color: #ff0000;\">Vente de plants de l\u00e9gumes pour le jardin<\/span><\/strong><br \/>\n<strong><span style=\"color: #ff0000;\">8 route de Woerth<\/span><\/strong><br \/>\n<strong><span style=\"color: #ff0000;\">Ouvert le samedi de 8h \u00e0 12h<\/span><\/strong><\/p>\n<p style=\"text-align: center;\">livraison de paniers fruits ou l\u00e9gumes<br \/>\n<a href=\"mailto:helbringervincent67@hotmail.fr\">helbringervincent67@hotmail.fr<\/a><br \/>\nou par SMS au 06 74 48 40 09 jusqu&rsquo;\u00e0 mercredi soir<br \/>\n(le paiement se fait \u00e0 la r\u00e9ception de la commande par ch\u00e8que ou esp\u00e8ces)<\/p>\n<p style=\"text-align: center;\"><span style=\"text-decoration: underline;\"><strong>Boulangerie Ehrstein<\/strong><\/span> :<br \/>\n<span style=\"color: #0000ff;\">du mardi au jeudi\u00a0 : 6h00-13h00<\/span><br \/>\n<span style=\"color: #0000ff;\">vendredi : 6h00-12h30 puis 14h00-18h00<\/span><br \/>\n<span style=\"color: #0000ff;\">samedi : 6h00-12h30 puis 14h00-16h00<br \/>\n<\/span>(acc\u00e8s limit\u00e9 \u00e0 deux personnes en m\u00eame temps)<br \/>\n( magasin \u00e9quip\u00e9 d&rsquo;un terminal paiement sans contact)<\/p>\n<p style=\"text-align: center;\"><span style=\"text-decoration: underline;\"><strong>Boulangerie Bischung<\/strong><\/span> :<br \/>\n<span style=\"color: #0000ff;\">Lundi- Jeudi -Vendredi : 6h00-12h30 et 16h00-18h00<\/span><br \/>\n<span style=\"color: #0000ff;\">Mardi : 6h00-12h30<\/span><br \/>\n<span style=\"color: #0000ff;\">Mercredi : jour de repos<\/span><br \/>\n<span style=\"color: #0000ff;\">Samedi: 6h00-12h30 et 15h00-17h00<\/span><br \/>\n<span style=\"color: #0000ff;\">Dimanche: 7h30-12h00<\/span><\/p>\n<p style=\"text-align: center;\"><span style=\"text-decoration: underline;\"><strong>Boucherie Muller<\/strong><\/span> :<br \/>\n<span style=\"color: #0000ff;\">du lundi au jeudi : 7h00\u201313 h00<\/span><br \/>\n<span style=\"color: #0000ff;\">vendredi : 7h00\u201312h00 puis 14h00\u201318h00<\/span><br \/>\n<span style=\"color: #0000ff;\">samedi : 7h00\u201312h00 puis 14h00\u201316h00<\/span><\/p>\n<p style=\"text-align: center;\"><span style=\"text-decoration: underline;\"><strong>Boucherie Ebert<\/strong><\/span> :<br \/>\n<span style=\"color: #0000ff;\">mardi, jeudi, vendredi :\u00a0 7h00\u201312h15 et 14h30\u201318h00<\/span><br \/>\n<span style=\"color: #0000ff;\">mercredi : 7h00\u201312h15<\/span><br \/>\n<span style=\"color: #0000ff;\">samedi : 7h00\u201313h00<\/span><\/p>\n<p style=\"text-align: center;\"><span style=\"text-decoration: underline;\"><strong>Proxi<\/strong> <\/span>:<br \/>\n<span style=\"color: #0000ff;\">lundi au vendredi : 8h00-12h00 et 15h00-18h00<\/span><br \/>\n<span style=\"color: #0000ff;\">samedi : 8h00-17h00<\/span><br \/>\n<span style=\"color: #0000ff;\">dimanche : 9h00-12h00<\/span><\/p>\n<p style=\"text-align: center;\"><span style=\"text-decoration: underline;\"><strong>Boissons Hetzel<\/strong><\/span> :<br \/>\n<span style=\"color: #0000ff;\">samedi : 9h00-12h00<\/span><\/p>\n<p style=\"text-align: center;\"><span style=\"text-decoration: underline;\"><strong>La Poste :<br \/>\n<\/strong><\/span>La bo\u00eete aux lettres de l&rsquo;agence postale communale (et aucune autre) sera relev\u00e9e,<br \/>\nla\u00a0 distribution, la remise et la collecte de courrier sera assur\u00e9e uniquement les :<br \/>\n<span style=\"color: #0000ff;\">Mercredi, jeudi, vendredi<\/span><\/p>\n<p style=\"text-align: center;\"><span style=\"text-decoration: underline;\"><strong>Garage Guthertz<\/strong><\/span> :<br \/>\n<span style=\"color: #0000ff;\">du mardi au vendredi : 9h00-12h00 et 14h00-18h00<\/span><\/p>\n<p style=\"text-align: center;\"><span style=\"text-decoration: underline;\"><strong>Garage Rebstock (anciennement Herrmann)<\/strong><\/span><br \/>\n<span style=\"color: #0000ff;\">du lundi au vendredi : 9h00 -12h00 et 13h30-18h00<\/span><\/p>\n","protected":false},"excerpt":{"rendered":"<p>Pendant la p\u00e9riode de confinement, les commerces et services ont des horaires restreints. Au fur et \u00e0 mesure des informations, je mets en ligne ici les horaires d&rsquo;ouverture. Helbringer Vincent : Nouveau ! Vente de plants de l\u00e9gumes pour le jardin 8 route de Woerth Ouvert le samedi de 8h \u00e0 12h livraison de paniers &hellip; <\/p>\n<p><a class=\"more-link btn\" href=\"https:\/\/www.lembach.fr\/mairie\/2020\/04\/24\/covid-19-horaires-douverture-des-commerces\/\">Lire la suite<\/a><\/p>\n","protected":false},"author":1,"featured_media":0,"comment_status":"closed","ping_status":"closed","sticky":false,"template":"","format":"standard","meta":{"footnotes":""},"categories":[24],"tags":[],"class_list":["post-5975","post","type-post","status-publish","format-standard","hentry","category-covid-19","item-wrap"],"_links":{"self":[{"href":"https:\/\/www.lembach.fr\/mairie\/wp-json\/wp\/v2\/posts\/5975","targetHints":{"allow":["GET"]}}],"collection":[{"href":"https:\/\/www.lembach.fr\/mairie\/wp-json\/wp\/v2\/posts"}],"about":[{"href":"https:\/\/www.lembach.fr\/mairie\/wp-json\/wp\/v2\/types\/post"}],"author":[{"embeddable":true,"href":"https:\/\/www.lembach.fr\/mairie\/wp-json\/wp\/v2\/users\/1"}],"replies":[{"embeddable":true,"href":"https:\/\/www.lembach.fr\/mairie\/wp-json\/wp\/v2\/comments?post=5975"}],"version-history":[{"count":0,"href":"https:\/\/www.lembach.fr\/mairie\/wp-json\/wp\/v2\/posts\/5975\/revisions"}],"wp:attachment":[{"href":"https:\/\/www.lembach.fr\/mairie\/wp-json\/wp\/v2\/media?parent=5975"}],"wp:term":[{"taxonomy":"category","embeddable":true,"href":"https:\/\/www.lembach.fr\/mairie\/wp-json\/wp\/v2\/categories?post=5975"},{"taxonomy":"post_tag","embeddable":true,"href":"https:\/\/www.lembach.fr\/mairie\/wp-json\/wp\/v2\/tags?post=5975"}],"curies":[{"name":"wp","href":"https:\/\/api.w.org\/{rel}","templated":true}]}}