{"id":5973,"date":"2020-03-24T11:28:01","date_gmt":"2020-03-24T10:28:01","guid":{"rendered":"https:\/\/www.lembach.fr\/mairie\/?p=5973"},"modified":"2020-03-24T11:30:25","modified_gmt":"2020-03-24T10:30:25","slug":"covid-19-message-de-mme-sophie-herrle-pasteure","status":"publish","type":"post","link":"https:\/\/www.lembach.fr\/mairie\/2020\/03\/24\/covid-19-message-de-mme-sophie-herrle-pasteure\/","title":{"rendered":"Covid-19 : message de Mme Sophie Herrl\u00e9 (pasteure)"},"content":{"rendered":"<p>Chers tous,<\/p>\n<p>Depuis le d\u00e9but du confinement (et m\u00eame avant), les portes des EHPAD sont ferm\u00e9es au public ce qui rend impossible les visites. Depuis plusieurs jours, des initiatives se lancent pour maintenir le lien avec les r\u00e9sidents sans franchir physiquement les portes.<\/p>\n<p>En lien avec le directeur et l&rsquo;animatrice de l&rsquo;<strong>EHPAD Paul Bertololy<\/strong>, nous vous proposons vous puissiez dessiner (notamment avec les enfants), \u00e9crire des petits mots, des po\u00e8mes, et que vous me les envoyiez par mail (en scan) afin que je les transmette \u00e0 l&rsquo;animatrice de l&rsquo;EHPAD pour qu&rsquo;elle puisse les transmettre aux r\u00e9sidents (<em>par mail\/scan il n&rsquo;y a aucun risque de contaminer<\/em>).<\/p>\n<p>Il suffira de m&rsquo;envoyer vos \u0153uvres \u00e0 <a href=\"mailto:muhlbach.sophie@yahoo.fr\">muhlbach.sophie@yahoo.fr<\/a> (nous proposons qu&rsquo;il n&rsquo;y ait qu&rsquo;une adresse d&rsquo;envoi pour ne pas surcharger l&rsquo;animatrice et le personnel de l&rsquo;EHPAD qui ont d\u00e9j\u00e0 beaucoup \u00e0 faire).<\/p>\n<p style=\"text-align: right;\">Chaleureusement<br \/>\n<strong>Sophie Herrl\u00e9, pasteure<\/strong><br \/>\n<strong>06.74.46.72.64<\/strong><\/p>\n<p><img loading=\"lazy\" decoding=\"async\" class=\"size-full wp-image-4115 aligncenter\" src=\"https:\/\/www.lembach.fr\/ecole\/wp-content\/uploads\/2020\/03\/boite-crayons-couleur.jpg\" alt=\"\" width=\"500\" height=\"333\" \/><\/p>\n","protected":false},"excerpt":{"rendered":"<p>Chers tous, Depuis le d\u00e9but du confinement (et m\u00eame avant), les portes des EHPAD sont ferm\u00e9es au public ce qui rend impossible les visites. Depuis plusieurs jours, des initiatives se lancent pour maintenir le lien avec les r\u00e9sidents sans franchir physiquement les portes. En lien avec le directeur et l&rsquo;animatrice de l&rsquo;EHPAD Paul Bertololy, nous &hellip; <\/p>\n<p><a class=\"more-link btn\" href=\"https:\/\/www.lembach.fr\/mairie\/2020\/03\/24\/covid-19-message-de-mme-sophie-herrle-pasteure\/\">Lire la suite<\/a><\/p>\n","protected":false},"author":1,"featured_media":0,"comment_status":"closed","ping_status":"closed","sticky":false,"template":"","format":"standard","meta":{"footnotes":""},"categories":[24],"tags":[],"class_list":["post-5973","post","type-post","status-publish","format-standard","hentry","category-covid-19","item-wrap"],"_links":{"self":[{"href":"https:\/\/www.lembach.fr\/mairie\/wp-json\/wp\/v2\/posts\/5973","targetHints":{"allow":["GET"]}}],"collection":[{"href":"https:\/\/www.lembach.fr\/mairie\/wp-json\/wp\/v2\/posts"}],"about":[{"href":"https:\/\/www.lembach.fr\/mairie\/wp-json\/wp\/v2\/types\/post"}],"author":[{"embeddable":true,"href":"https:\/\/www.lembach.fr\/mairie\/wp-json\/wp\/v2\/users\/1"}],"replies":[{"embeddable":true,"href":"https:\/\/www.lembach.fr\/mairie\/wp-json\/wp\/v2\/comments?post=5973"}],"version-history":[{"count":0,"href":"https:\/\/www.lembach.fr\/mairie\/wp-json\/wp\/v2\/posts\/5973\/revisions"}],"wp:attachment":[{"href":"https:\/\/www.lembach.fr\/mairie\/wp-json\/wp\/v2\/media?parent=5973"}],"wp:term":[{"taxonomy":"category","embeddable":true,"href":"https:\/\/www.lembach.fr\/mairie\/wp-json\/wp\/v2\/categories?post=5973"},{"taxonomy":"post_tag","embeddable":true,"href":"https:\/\/www.lembach.fr\/mairie\/wp-json\/wp\/v2\/tags?post=5973"}],"curies":[{"name":"wp","href":"https:\/\/api.w.org\/{rel}","templated":true}]}}