{"id":5965,"date":"2020-03-22T17:24:25","date_gmt":"2020-03-22T16:24:25","guid":{"rendered":"https:\/\/www.lembach.fr\/mairie\/?p=5965"},"modified":"2020-03-27T17:09:41","modified_gmt":"2020-03-27T16:09:41","slug":"covid-19-le-mot-du-maire","status":"publish","type":"post","link":"https:\/\/www.lembach.fr\/mairie\/2020\/03\/22\/covid-19-le-mot-du-maire\/","title":{"rendered":"Covid-19 : le mot du Maire du 22 mars"},"content":{"rendered":"<p>Madame, Monsieur,<\/p>\n<p>En ce troisi\u00e8me jour de printemps, certes venteux mais lumineux et ensoleill\u00e9, je vous adresse mes cordiales salutations. Chacune et chacun d\u2019entre nous mesure la gravit\u00e9 de la situation et par le respect du confinement participe \u00e0 l\u2019effort qui nous est demand\u00e9 pour venir \u00e0 bout de la pand\u00e9mie.<\/p>\n<p>Continuons \u00e0 nous montrer disciplin\u00e9s ! Il est rappel\u00e9 que les <strong>aires de jeux, city-stade, terrains, jardin et for\u00eats sont interdits d\u2019acc\u00e8s<\/strong>.<\/p>\n<p>Je voudrais m\u2019adresser avec gratitude et reconnaissance aux personnels soignants qui s\u2019occupent de nos personnes n\u00e9cessitant des soins \u00e0 domicile ou des r\u00e9sidents de l\u2019<em>Epahd Bertololy<\/em>. Je pense aussi tr\u00e8s fortement \u00e0 nos personnes \u00e2g\u00e9es seules dans leurs quatre murs. J\u2019invite celles et ceux qui ont des contacts avec elles \u00e0 les saluer de ma part.<\/p>\n<p>Depuis quelques jours les cloches sonnent quelques minutes \u00e0 18h. Cela peut \u00eatre un signal de confiance et d\u2019espoir adress\u00e9 \u00e0 toutes les personnes anxieuses.<\/p>\n<p>N\u2019h\u00e9sitez pas \u00e0 contacter la mairie t\u00e9l\u00e9phoniquement ou par mail en cas de probl\u00e8me particulier.<\/p>\n<p>Bon courage \u00e0 toutes et \u00e0 tous !<\/p>\n<p><em>Liewi Frend,<\/em><\/p>\n<p><em>M\u2019r h\u00e0n uns s\u2019Frehjohr \u00e0ndersch vorg\u2019stellt \u00e0ls ieng\u2019sperrt in unsre vier Wand. Ich wott Eich \u00e0lle Mut un Kr\u00e0ft wensche, die Situation \u00e0nzenahme un \u00e0lles ze tun, d\u00e0ss es so schnall wie mejlich besser geht.<\/em><\/p>\n<p style=\"text-align: right;\">Lembach, 22 mars 2020<br \/>\nCharles SCHLOSSER, Maire.<\/p>\n","protected":false},"excerpt":{"rendered":"<p>Madame, Monsieur, En ce troisi\u00e8me jour de printemps, certes venteux mais lumineux et ensoleill\u00e9, je vous adresse mes cordiales salutations. Chacune et chacun d\u2019entre nous mesure la gravit\u00e9 de la situation et par le respect du confinement participe \u00e0 l\u2019effort qui nous est demand\u00e9 pour venir \u00e0 bout de la pand\u00e9mie. Continuons \u00e0 nous montrer &hellip; <\/p>\n<p><a class=\"more-link btn\" href=\"https:\/\/www.lembach.fr\/mairie\/2020\/03\/22\/covid-19-le-mot-du-maire\/\">Lire la suite<\/a><\/p>\n","protected":false},"author":1,"featured_media":0,"comment_status":"closed","ping_status":"closed","sticky":false,"template":"","format":"standard","meta":{"footnotes":""},"categories":[24],"tags":[],"class_list":["post-5965","post","type-post","status-publish","format-standard","hentry","category-covid-19","item-wrap"],"_links":{"self":[{"href":"https:\/\/www.lembach.fr\/mairie\/wp-json\/wp\/v2\/posts\/5965","targetHints":{"allow":["GET"]}}],"collection":[{"href":"https:\/\/www.lembach.fr\/mairie\/wp-json\/wp\/v2\/posts"}],"about":[{"href":"https:\/\/www.lembach.fr\/mairie\/wp-json\/wp\/v2\/types\/post"}],"author":[{"embeddable":true,"href":"https:\/\/www.lembach.fr\/mairie\/wp-json\/wp\/v2\/users\/1"}],"replies":[{"embeddable":true,"href":"https:\/\/www.lembach.fr\/mairie\/wp-json\/wp\/v2\/comments?post=5965"}],"version-history":[{"count":0,"href":"https:\/\/www.lembach.fr\/mairie\/wp-json\/wp\/v2\/posts\/5965\/revisions"}],"wp:attachment":[{"href":"https:\/\/www.lembach.fr\/mairie\/wp-json\/wp\/v2\/media?parent=5965"}],"wp:term":[{"taxonomy":"category","embeddable":true,"href":"https:\/\/www.lembach.fr\/mairie\/wp-json\/wp\/v2\/categories?post=5965"},{"taxonomy":"post_tag","embeddable":true,"href":"https:\/\/www.lembach.fr\/mairie\/wp-json\/wp\/v2\/tags?post=5965"}],"curies":[{"name":"wp","href":"https:\/\/api.w.org\/{rel}","templated":true}]}}