{"id":5915,"date":"2020-01-15T09:49:40","date_gmt":"2020-01-15T08:49:40","guid":{"rendered":"https:\/\/www.lembach.fr\/mairie\/?p=5915"},"modified":"2020-01-15T09:49:40","modified_gmt":"2020-01-15T08:49:40","slug":"deploiement-fibre-rosace","status":"publish","type":"post","link":"https:\/\/www.lembach.fr\/mairie\/2020\/01\/15\/deploiement-fibre-rosace\/","title":{"rendered":"D\u00e9ploiement fibre Rosace"},"content":{"rendered":"<p><img loading=\"lazy\" decoding=\"async\" class=\"aligncenter size-full wp-image-5916\" src=\"https:\/\/www.lembach.fr\/mairie\/wp-content\/uploads\/2020\/01\/logo_rosace.jpg\" alt=\"\" width=\"468\" height=\"260\" srcset=\"https:\/\/www.lembach.fr\/mairie\/wp-content\/uploads\/2020\/01\/logo_rosace.jpg 468w, https:\/\/www.lembach.fr\/mairie\/wp-content\/uploads\/2020\/01\/logo_rosace-300x167.jpg 300w\" sizes=\"auto, (max-width: 468px) 100vw, 468px\" \/><\/p>\n<p>Voici l\u2019\u00e9tat du d\u00e9ploiement de la fibre ROSACE sur notre commune \u00e0 ce jour (15\/01\/2020) :<\/p>\n<p><span style=\"text-decoration: underline;\"><strong>Partie NORD du village<\/strong><\/span> : elle a \u00e9t\u00e9 ouverte \u00e0 la commercialisation mi-d\u00e9cembre 2019.<\/p>\n<p><strong><span style=\"text-decoration: underline;\">Partie CENTRE et\u00a0 SUD<\/span><\/strong> : le d\u00e9lai pr\u00e9visionnel d\u2019ouverture est le <strong>31\/03\/2020<\/strong>.<\/p>\n<p>Pour tester votre \u00e9ligibilit\u00e9, et voir quel sont les op\u00e9rateurs pr\u00e9sents sur le r\u00e9seau, vous pouvez vous rendre sur le site <a href=\"https:\/\/www.rosace-fibre.fr\" target=\"_blank\" rel=\"noopener noreferrer\"><strong>https:\/\/www.rosace-fibre.fr<\/strong><\/a> en renseignant votre adresse sur le test d\u2019\u00e9ligibilit\u00e9 de la page d\u2019accueil.<\/p>\n<p>Toutes les informations utiles pour le raccordement et sur les op\u00e9rateurs se trouvent sur :<br \/>\n&#8211; Pour les particuliers :<strong><a href=\"https:\/\/www.rosace-fibre.fr\/particuliers\/la-fibre-chez-vous\/\" target=\"_blank\" rel=\"noopener noreferrer\"> https:\/\/www.rosace-fibre.fr\/particuliers\/la-fibre-chez-vous\/<\/a><\/strong><br \/>\n&#8211; Pour les entreprises : <a href=\"https:\/\/www.rosace-fibre.fr\/entreprises\/la-fibre-pour-les-entreprises\/\" target=\"_blank\" rel=\"noopener noreferrer\"><strong>https:\/\/www.rosace-fibre.fr\/entreprises\/la-fibre-pour-les-entreprises\/<\/strong><\/a><\/p>\n<p>Vous trouverez \u00e9galement une copie du guide qui sera distribu\u00e9 en r\u00e9union publique ici :<\/p>\n<p style=\"text-align: center;\">\u00a0-&gt; <a href=\"https:\/\/www.rosace-fibre.fr\/file\/2019\/07\/Plaquette-Particuliers-Rosace-version-termine%CC%81e-valide%CC%81e-au-29-juillet-2019.pdf\" target=\"_blank\" rel=\"noopener noreferrer\"><strong>plaquette particuliers<\/strong><\/a> &lt;-<\/p>\n<p><img loading=\"lazy\" decoding=\"async\" class=\"aligncenter size-full wp-image-5917\" src=\"https:\/\/www.lembach.fr\/mairie\/wp-content\/uploads\/2020\/01\/fibreoptique.jpg\" alt=\"\" width=\"500\" height=\"231\" srcset=\"https:\/\/www.lembach.fr\/mairie\/wp-content\/uploads\/2020\/01\/fibreoptique.jpg 500w, https:\/\/www.lembach.fr\/mairie\/wp-content\/uploads\/2020\/01\/fibreoptique-300x139.jpg 300w\" sizes=\"auto, (max-width: 500px) 100vw, 500px\" \/><\/p>\n","protected":false},"excerpt":{"rendered":"<p>Voici l\u2019\u00e9tat du d\u00e9ploiement de la fibre ROSACE sur notre commune \u00e0 ce jour (15\/01\/2020) : Partie NORD du village : elle a \u00e9t\u00e9 ouverte \u00e0 la commercialisation mi-d\u00e9cembre 2019. Partie CENTRE et\u00a0 SUD : le d\u00e9lai pr\u00e9visionnel d\u2019ouverture est le 31\/03\/2020. Pour tester votre \u00e9ligibilit\u00e9, et voir quel sont les op\u00e9rateurs pr\u00e9sents sur le &hellip; <\/p>\n<p><a class=\"more-link btn\" href=\"https:\/\/www.lembach.fr\/mairie\/2020\/01\/15\/deploiement-fibre-rosace\/\">Lire la suite<\/a><\/p>\n","protected":false},"author":1,"featured_media":0,"comment_status":"closed","ping_status":"closed","sticky":false,"template":"","format":"standard","meta":{"footnotes":""},"categories":[16],"tags":[],"class_list":["post-5915","post","type-post","status-publish","format-standard","hentry","category-technologie","item-wrap"],"_links":{"self":[{"href":"https:\/\/www.lembach.fr\/mairie\/wp-json\/wp\/v2\/posts\/5915","targetHints":{"allow":["GET"]}}],"collection":[{"href":"https:\/\/www.lembach.fr\/mairie\/wp-json\/wp\/v2\/posts"}],"about":[{"href":"https:\/\/www.lembach.fr\/mairie\/wp-json\/wp\/v2\/types\/post"}],"author":[{"embeddable":true,"href":"https:\/\/www.lembach.fr\/mairie\/wp-json\/wp\/v2\/users\/1"}],"replies":[{"embeddable":true,"href":"https:\/\/www.lembach.fr\/mairie\/wp-json\/wp\/v2\/comments?post=5915"}],"version-history":[{"count":0,"href":"https:\/\/www.lembach.fr\/mairie\/wp-json\/wp\/v2\/posts\/5915\/revisions"}],"wp:attachment":[{"href":"https:\/\/www.lembach.fr\/mairie\/wp-json\/wp\/v2\/media?parent=5915"}],"wp:term":[{"taxonomy":"category","embeddable":true,"href":"https:\/\/www.lembach.fr\/mairie\/wp-json\/wp\/v2\/categories?post=5915"},{"taxonomy":"post_tag","embeddable":true,"href":"https:\/\/www.lembach.fr\/mairie\/wp-json\/wp\/v2\/tags?post=5915"}],"curies":[{"name":"wp","href":"https:\/\/api.w.org\/{rel}","templated":true}]}}