{"id":5903,"date":"2020-01-13T17:19:49","date_gmt":"2020-01-13T16:19:49","guid":{"rendered":"https:\/\/www.lembach.fr\/mairie\/?p=5903"},"modified":"2020-01-13T17:20:38","modified_gmt":"2020-01-13T16:20:38","slug":"de-sunnebrand","status":"publish","type":"post","link":"https:\/\/www.lembach.fr\/mairie\/2020\/01\/13\/de-sunnebrand\/","title":{"rendered":"De SUNNEBRAND"},"content":{"rendered":"<p style=\"text-align: center;\"><span style=\"text-decoration: underline;\"><strong>DE SUNNEBRAND<\/strong><\/span><\/p>\n<p style=\"text-align: center;\"><em>D\u2019N\u00e0cht lejt sich gemetlich ewer de Flacke.<\/em><br \/>\n<em>Doch pletzlich drafft d\u2019Madlen un de Robert e Schracke<\/em><br \/>\n<em>Dejfelsfl\u00e0mme erstrecke sich ewer G\u00e0ng un Kiche<\/em><br \/>\n<em>D\u2019Wirtsch\u00e0ft isch l\u00e4hr, nemmes fer halfe lesche.<\/em><\/p>\n<p style=\"text-align: center;\"><em>Vum e so e Fier w\u00e4rsch ellaan net Herr<\/em><br \/>\n<em>Es dehnt sich \u00fcs wie s\u2019wetich G\u2019h\u00e4r<\/em><br \/>\n<em>Findt im Holz kr\u00e4tich N\u00e0hrung<\/em><br \/>\n<em>Es galt numme aans : Rettung ! Rettung !<\/em><\/p>\n<p style=\"text-align: center;\"><em>Noch b\u00e0ngem W\u00e0rte sinn unsri Bumbi\u00e9 \u00e0m Pl\u00e0tz<\/em><br \/>\n<em>Versuwe ze rette de beliebt Sunnesch\u00e0tz<\/em><br \/>\n<em>D\u2019Fl\u00e0mme erhalle noch un noch s\u2019l\u00e0nge D\u00e0ch<\/em><br \/>\n<em>Niemes wott verliere des Steck vun Lembach.<\/em><\/p>\n<p style=\"text-align: center;\"><em>Vierzig Leschmanner mit L\u00e0nze un grossem Mut<\/em><br \/>\n<em>Bekampfe in vollem Iens\u00e0tz d\u2019fierrot Glut<\/em><br \/>\n<em>Still, \u00e0ndachtig, g\u2019schockt daalt d\u2019Bevelkerung<\/em><br \/>\n<em>Mit F\u00e0milie un Frend e H\u00e0mpfel Hoffnung.<\/em><\/p>\n<p style=\"text-align: center;\"><em>Uf de Mairie schl\u00e0cht s\u2019Gleckel zeh mol.<\/em><br \/>\n<em>D\u2019Fl\u00e0mme senn \u00fcs, s\u2019isch \u00e0lles schwarz wie Kohl\u2019<\/em><br \/>\n<em>S\u2019verschont T\u00e0nnebaamel k\u00e0nn\u2019s net glaawe<\/em><br \/>\n<em>Isch d\u2019Sunn jetzt tot ? Na, sie muss widderschlaawe !<\/em><\/p>\n<p style=\"text-align: right;\"><em><strong>CS 9. Janner 2020<\/strong><\/em><\/p>\n\n\t\t<style type=\"text\/css\">\n\t\t\t#gallery-1 {\n\t\t\t\tmargin: auto;\n\t\t\t}\n\t\t\t#gallery-1 .gallery-item {\n\t\t\t\tfloat: left;\n\t\t\t\tmargin-top: 10px;\n\t\t\t\ttext-align: center;\n\t\t\t\twidth: 33%;\n\t\t\t}\n\t\t\t#gallery-1 img {\n\t\t\t\tborder: 2px solid #cfcfcf;\n\t\t\t}\n\t\t\t#gallery-1 .gallery-caption {\n\t\t\t\tmargin-left: 0;\n\t\t\t}\n\t\t\t\/* see gallery_shortcode() in wp-includes\/media.php *\/\n\t\t<\/style>\n\t\t<div id='gallery-1' class='gallery galleryid-5903 gallery-columns-3 gallery-size-thumbnail'><dl class='gallery-item'>\n\t\t\t<dt class='gallery-icon landscape'>\n\t\t\t\t<a href='https:\/\/www.lembach.fr\/mairie\/2020\/01\/13\/de-sunnebrand\/de_sunnebrand_1\/'><img loading=\"lazy\" decoding=\"async\" width=\"150\" height=\"150\" src=\"https:\/\/www.lembach.fr\/mairie\/wp-content\/uploads\/2020\/01\/de_sunnebrand_1-150x150.jpg\" class=\"attachment-thumbnail size-thumbnail\" alt=\"\" \/><\/a>\n\t\t\t<\/dt><\/dl><dl class='gallery-item'>\n\t\t\t<dt class='gallery-icon landscape'>\n\t\t\t\t<a href='https:\/\/www.lembach.fr\/mairie\/2020\/01\/13\/de-sunnebrand\/de_sunnebrand_2\/'><img loading=\"lazy\" decoding=\"async\" width=\"150\" height=\"150\" src=\"https:\/\/www.lembach.fr\/mairie\/wp-content\/uploads\/2020\/01\/de_sunnebrand_2-150x150.jpg\" class=\"attachment-thumbnail size-thumbnail\" alt=\"\" \/><\/a>\n\t\t\t<\/dt><\/dl><dl class='gallery-item'>\n\t\t\t<dt class='gallery-icon portrait'>\n\t\t\t\t<a href='https:\/\/www.lembach.fr\/mairie\/2020\/01\/13\/de-sunnebrand\/de_sunnebrand_3\/'><img loading=\"lazy\" decoding=\"async\" width=\"150\" height=\"150\" src=\"https:\/\/www.lembach.fr\/mairie\/wp-content\/uploads\/2020\/01\/de_sunnebrand_3-150x150.jpg\" class=\"attachment-thumbnail size-thumbnail\" alt=\"\" \/><\/a>\n\t\t\t<\/dt><\/dl><br style=\"clear: both\" \/>\n\t\t<\/div>\n\n","protected":false},"excerpt":{"rendered":"<p>DE SUNNEBRAND D\u2019N\u00e0cht lejt sich gemetlich ewer de Flacke. Doch pletzlich drafft d\u2019Madlen un de Robert e Schracke Dejfelsfl\u00e0mme erstrecke sich ewer G\u00e0ng un Kiche D\u2019Wirtsch\u00e0ft isch l\u00e4hr, nemmes fer halfe lesche. Vum e so e Fier w\u00e4rsch ellaan net Herr Es dehnt sich \u00fcs wie s\u2019wetich G\u2019h\u00e4r Findt im Holz kr\u00e4tich N\u00e0hrung Es galt &hellip; <\/p>\n<p><a class=\"more-link btn\" href=\"https:\/\/www.lembach.fr\/mairie\/2020\/01\/13\/de-sunnebrand\/\">Lire la suite<\/a><\/p>\n","protected":false},"author":1,"featured_media":0,"comment_status":"closed","ping_status":"closed","sticky":false,"template":"","format":"standard","meta":{"footnotes":""},"categories":[12],"tags":[],"class_list":["post-5903","post","type-post","status-publish","format-standard","hentry","category-informations","item-wrap"],"_links":{"self":[{"href":"https:\/\/www.lembach.fr\/mairie\/wp-json\/wp\/v2\/posts\/5903","targetHints":{"allow":["GET"]}}],"collection":[{"href":"https:\/\/www.lembach.fr\/mairie\/wp-json\/wp\/v2\/posts"}],"about":[{"href":"https:\/\/www.lembach.fr\/mairie\/wp-json\/wp\/v2\/types\/post"}],"author":[{"embeddable":true,"href":"https:\/\/www.lembach.fr\/mairie\/wp-json\/wp\/v2\/users\/1"}],"replies":[{"embeddable":true,"href":"https:\/\/www.lembach.fr\/mairie\/wp-json\/wp\/v2\/comments?post=5903"}],"version-history":[{"count":0,"href":"https:\/\/www.lembach.fr\/mairie\/wp-json\/wp\/v2\/posts\/5903\/revisions"}],"wp:attachment":[{"href":"https:\/\/www.lembach.fr\/mairie\/wp-json\/wp\/v2\/media?parent=5903"}],"wp:term":[{"taxonomy":"category","embeddable":true,"href":"https:\/\/www.lembach.fr\/mairie\/wp-json\/wp\/v2\/categories?post=5903"},{"taxonomy":"post_tag","embeddable":true,"href":"https:\/\/www.lembach.fr\/mairie\/wp-json\/wp\/v2\/tags?post=5903"}],"curies":[{"name":"wp","href":"https:\/\/api.w.org\/{rel}","templated":true}]}}