{"id":5800,"date":"2019-10-08T11:19:22","date_gmt":"2019-10-08T10:19:22","guid":{"rendered":"https:\/\/www.lembach.fr\/mairie\/?p=5800"},"modified":"2019-10-08T11:20:05","modified_gmt":"2019-10-08T10:20:05","slug":"lavenir-du-massif-des-vosges","status":"publish","type":"post","link":"https:\/\/www.lembach.fr\/mairie\/2019\/10\/08\/lavenir-du-massif-des-vosges\/","title":{"rendered":"L&rsquo;avenir du Massif des Vosges"},"content":{"rendered":"<h3>Dans le cadre de l\u2019actualisation de la strat\u00e9gie de soutien au massif des Vosges, un questionnaire en ligne destin\u00e9 au grand public, a \u00e9t\u00e9 \u00e9labor\u00e9 afin de leur permettre d\u2019exprimer leur point de vue, leurs attentes et leurs suggestions sur les enjeux qu\u2019ils per\u00e7oivent pour l\u2019avenir du massif.<\/h3>\n<p><img loading=\"lazy\" decoding=\"async\" class=\"aligncenter size-full wp-image-5801\" src=\"https:\/\/www.lembach.fr\/mairie\/wp-content\/uploads\/2019\/10\/cimv_2.jpg\" alt=\"\" width=\"327\" height=\"215\" srcset=\"https:\/\/www.lembach.fr\/mairie\/wp-content\/uploads\/2019\/10\/cimv_2.jpg 327w, https:\/\/www.lembach.fr\/mairie\/wp-content\/uploads\/2019\/10\/cimv_2-300x197.jpg 300w\" sizes=\"auto, (max-width: 327px) 100vw, 327px\" \/><\/p>\n<p>Ce questionnaire doit permettre aux acteurs de terrain et aux populations concern\u00e9es d\u2019exprimer leur point de vue, leurs attentes et leurs suggestions sur les enjeux qu\u2019ils per\u00e7oivent pour l\u2019avenir du Massif. Ces \u00e9l\u00e9ments de r\u00e9ponse contribueront \u00e0 l&rsquo;actualisation des documents strat\u00e9giques du massif des Vosges (sch\u00e9ma de massif et Convention Interr\u00e9gionale du Massif des Vosges 2021-2027). Les r\u00e9ponses permettront \u00e9galement d&rsquo;alimenter des groupes de travail qui auront lieu sur le territoire et auxquels vous pourrez participer si vous le souhaitez.<\/p>\n<p style=\"text-align: center;\"><strong>Formulaire en ligne -&gt; cliquez sur l&rsquo;image ci-dessous<\/strong><\/p>\n<p style=\"text-align: center;\"><a href=\"https:\/\/forms.gle\/H2mvp7pZzVbdu3ju9\" target=\"_blank\" rel=\"noopener noreferrer\"><img loading=\"lazy\" decoding=\"async\" class=\"aligncenter size-full wp-image-5803\" src=\"https:\/\/www.lembach.fr\/mairie\/wp-content\/uploads\/2019\/10\/cimv_3.jpg\" alt=\"\" width=\"300\" height=\"245\" \/><\/a><strong>\u00c9lodie MICHEL<\/strong><br \/>\n<strong>Charg\u00e9e de mission projets<\/strong><br \/>\n<strong>Commissariat \u00e0 l\u2019am\u00e9nagement du Massif des Vosges<\/strong><br \/>\n<strong>Pr\u00e9fecture des Vosges<\/strong><br \/>\n<strong>Place FOCH<\/strong><br \/>\n<strong>88026 \u00c9PINAL CEDEX<\/strong><\/p>\n<p style=\"text-align: center;\"><img loading=\"lazy\" decoding=\"async\" class=\"aligncenter size-full wp-image-5802\" src=\"https:\/\/www.lembach.fr\/mairie\/wp-content\/uploads\/2019\/10\/cimv_1.jpg\" alt=\"\" width=\"300\" height=\"143\" \/><\/p>\n","protected":false},"excerpt":{"rendered":"<p>Dans le cadre de l\u2019actualisation de la strat\u00e9gie de soutien au massif des Vosges, un questionnaire en ligne destin\u00e9 au grand public, a \u00e9t\u00e9 \u00e9labor\u00e9 afin de leur permettre d\u2019exprimer leur point de vue, leurs attentes et leurs suggestions sur les enjeux qu\u2019ils per\u00e7oivent pour l\u2019avenir du massif. Ce questionnaire doit permettre aux acteurs de &hellip; <\/p>\n<p><a class=\"more-link btn\" href=\"https:\/\/www.lembach.fr\/mairie\/2019\/10\/08\/lavenir-du-massif-des-vosges\/\">Lire la suite<\/a><\/p>\n","protected":false},"author":1,"featured_media":0,"comment_status":"closed","ping_status":"closed","sticky":false,"template":"","format":"standard","meta":{"footnotes":""},"categories":[21],"tags":[],"class_list":["post-5800","post","type-post","status-publish","format-standard","hentry","category-sondage","item-wrap"],"_links":{"self":[{"href":"https:\/\/www.lembach.fr\/mairie\/wp-json\/wp\/v2\/posts\/5800","targetHints":{"allow":["GET"]}}],"collection":[{"href":"https:\/\/www.lembach.fr\/mairie\/wp-json\/wp\/v2\/posts"}],"about":[{"href":"https:\/\/www.lembach.fr\/mairie\/wp-json\/wp\/v2\/types\/post"}],"author":[{"embeddable":true,"href":"https:\/\/www.lembach.fr\/mairie\/wp-json\/wp\/v2\/users\/1"}],"replies":[{"embeddable":true,"href":"https:\/\/www.lembach.fr\/mairie\/wp-json\/wp\/v2\/comments?post=5800"}],"version-history":[{"count":0,"href":"https:\/\/www.lembach.fr\/mairie\/wp-json\/wp\/v2\/posts\/5800\/revisions"}],"wp:attachment":[{"href":"https:\/\/www.lembach.fr\/mairie\/wp-json\/wp\/v2\/media?parent=5800"}],"wp:term":[{"taxonomy":"category","embeddable":true,"href":"https:\/\/www.lembach.fr\/mairie\/wp-json\/wp\/v2\/categories?post=5800"},{"taxonomy":"post_tag","embeddable":true,"href":"https:\/\/www.lembach.fr\/mairie\/wp-json\/wp\/v2\/tags?post=5800"}],"curies":[{"name":"wp","href":"https:\/\/api.w.org\/{rel}","templated":true}]}}