{"id":5758,"date":"2019-07-10T08:37:29","date_gmt":"2019-07-10T07:37:29","guid":{"rendered":"https:\/\/www.lembach.fr\/mairie\/?p=5758"},"modified":"2019-09-07T08:40:15","modified_gmt":"2019-09-07T07:40:15","slug":"le-pont-de-la-tannenbruck-rouvert","status":"publish","type":"post","link":"https:\/\/www.lembach.fr\/mairie\/2019\/07\/10\/le-pont-de-la-tannenbruck-rouvert\/","title":{"rendered":"Le pont de la Tannenbr\u00fcck rouvert"},"content":{"rendered":"<h3>Apr\u00e8s trois semaines de travaux au pont de la Tannenbr\u00fcck, la route D3 reliant Lembach \u00e0 la vall\u00e9e du Steinbach (Nieder- et Obersteinbach), a retrouv\u00e9 toute sa fonctionnalit\u00e9 au grand soulagement des usagers.<\/h3>\n<p><img loading=\"lazy\" decoding=\"async\" class=\"aligncenter size-full wp-image-5759\" src=\"https:\/\/www.lembach.fr\/mairie\/wp-content\/uploads\/2019\/09\/tannenbruck.jpg\" alt=\"\" width=\"500\" height=\"371\" srcset=\"https:\/\/www.lembach.fr\/mairie\/wp-content\/uploads\/2019\/09\/tannenbruck.jpg 500w, https:\/\/www.lembach.fr\/mairie\/wp-content\/uploads\/2019\/09\/tannenbruck-300x223.jpg 300w\" sizes=\"auto, (max-width: 500px) 100vw, 500px\" \/><\/p>\n<p>Depuis le 17 juin, la route \u00e9tait ferm\u00e9e \u00e0 la circulation. Le maire de Lembach Charles Schlosser avait pris un arr\u00eat\u00e9 municipal autorisant la circulation des v\u00e9hicules de service de sant\u00e9 et les bus scolaires sur la piste cyclable. Face au nom respect de cet arr\u00eat\u00e9 \u2013 un grumier a m\u00eame emprunt\u00e9 la piste et le pont interdit aux v\u00e9hicules de plus de 7,5 tonnes \u2013, la brigade de Woerth a verbalis\u00e9 des locaux et des touristes.<br \/>\nUn nouveau tablier<\/p>\n<p>Samedi 6 juillet d\u00e8s 6 h, les agents du conseil d\u00e9partemental et le maire de Lembach Charles Schlosser ont retir\u00e9 les barri\u00e8res, l\u2019entreprise ayant encore pu poser l\u2019enrob\u00e9 dans la soir\u00e9e du vendredi.<\/p>\n<p>Avant 1940, le site de la Tannenbr\u00fcck (pont des sapins) accueillait un grand h\u00f4tel-restaurant. Apr\u00e8s la d\u00e9claration de la guerre et l\u2019\u00e9vacuation de la population vers la Haute-Vienne, ligne de d\u00e9fense Maginot obligeant, la Tannenbr\u00fcck, comme d\u2019autres ponts en zone frontali\u00e8re, a \u00e9t\u00e9 dynamit\u00e9e tout comme le restaurant jouxtant. La reconstruction du pont s\u2019est faite par la suite avec un tablier r\u00e9alis\u00e9 en armature poutrelles et b\u00e9ton.<\/p>\n<p>Avec l\u2019augmentation du trafic, en particulier celui des poids lourds, l\u2019ensemble commen\u00e7ait \u00e0 pr\u00e9senter des faiblesses, le tablier se fissurant par le dessous.<\/p>\n<p>Les travaux n\u00e9cessitant une interruption totale du trafic ont d\u00e9but\u00e9 par la destruction totale du tablier avant la r\u00e9alisation d\u2019un nouveau, en b\u00e9ton, qui a \u00e9t\u00e9 \u00e9tanch\u00e9ifi\u00e9 et la pose d\u2019un enrob\u00e9 classique.<\/p>\n<p>Ces travaux ont \u00e9t\u00e9 financ\u00e9s int\u00e9gralement par le D\u00e9partement pour un co\u00fbt de 45 000 euros TTC.<\/p>\n","protected":false},"excerpt":{"rendered":"<p>Apr\u00e8s trois semaines de travaux au pont de la Tannenbr\u00fcck, la route D3 reliant Lembach \u00e0 la vall\u00e9e du Steinbach (Nieder- et Obersteinbach), a retrouv\u00e9 toute sa fonctionnalit\u00e9 au grand soulagement des usagers. Depuis le 17 juin, la route \u00e9tait ferm\u00e9e \u00e0 la circulation. Le maire de Lembach Charles Schlosser avait pris un arr\u00eat\u00e9 municipal &hellip; <\/p>\n<p><a class=\"more-link btn\" href=\"https:\/\/www.lembach.fr\/mairie\/2019\/07\/10\/le-pont-de-la-tannenbruck-rouvert\/\">Lire la suite<\/a><\/p>\n","protected":false},"author":1,"featured_media":0,"comment_status":"closed","ping_status":"closed","sticky":false,"template":"","format":"standard","meta":{"footnotes":""},"categories":[12],"tags":[],"class_list":["post-5758","post","type-post","status-publish","format-standard","hentry","category-informations","item-wrap"],"_links":{"self":[{"href":"https:\/\/www.lembach.fr\/mairie\/wp-json\/wp\/v2\/posts\/5758","targetHints":{"allow":["GET"]}}],"collection":[{"href":"https:\/\/www.lembach.fr\/mairie\/wp-json\/wp\/v2\/posts"}],"about":[{"href":"https:\/\/www.lembach.fr\/mairie\/wp-json\/wp\/v2\/types\/post"}],"author":[{"embeddable":true,"href":"https:\/\/www.lembach.fr\/mairie\/wp-json\/wp\/v2\/users\/1"}],"replies":[{"embeddable":true,"href":"https:\/\/www.lembach.fr\/mairie\/wp-json\/wp\/v2\/comments?post=5758"}],"version-history":[{"count":0,"href":"https:\/\/www.lembach.fr\/mairie\/wp-json\/wp\/v2\/posts\/5758\/revisions"}],"wp:attachment":[{"href":"https:\/\/www.lembach.fr\/mairie\/wp-json\/wp\/v2\/media?parent=5758"}],"wp:term":[{"taxonomy":"category","embeddable":true,"href":"https:\/\/www.lembach.fr\/mairie\/wp-json\/wp\/v2\/categories?post=5758"},{"taxonomy":"post_tag","embeddable":true,"href":"https:\/\/www.lembach.fr\/mairie\/wp-json\/wp\/v2\/tags?post=5758"}],"curies":[{"name":"wp","href":"https:\/\/api.w.org\/{rel}","templated":true}]}}