{"id":5697,"date":"2019-07-18T16:12:54","date_gmt":"2019-07-18T15:12:54","guid":{"rendered":"https:\/\/www.lembach.fr\/mairie\/?p=5697"},"modified":"2019-07-18T16:12:54","modified_gmt":"2019-07-18T15:12:54","slug":"operation-ligne-maginot-edition-2019","status":"publish","type":"post","link":"https:\/\/www.lembach.fr\/mairie\/2019\/07\/18\/operation-ligne-maginot-edition-2019\/","title":{"rendered":"Op\u00e9ration Ligne Maginot &#8211; \u00e9dition 2019"},"content":{"rendered":"<h3>Du 30 ao\u00fbt au 1er septembre 2019, l&rsquo;Op\u00e9ration Ligne Maginot pour sa deuxi\u00e8me \u00e9dition, comm\u00e9morera l&rsquo;\u00e9vacuation des civils alsaciens et mosellans en septembre 1939, il y a 80 ans&#8230;<\/h3>\n<p>En ce qui concerne la participation de l&rsquo;ouvrage du Four-\u00e0-Chaux de Lembach \u00e0 cet \u00e9v\u00e8nement, il sera mis l&rsquo;accent sur la soir\u00e9e du vendredi 30\/8.<\/p>\n<p>A 20h00 le vendredi 30 ao\u00fbt, dans la salle polyvalente du <strong>FAC<\/strong> (qui sera exceptionnellement chauff\u00e9e) la compagnie<em><strong> Act\u00e9mo Th\u00e9\u00e2tre<\/strong> <\/em>pr\u00e9sentera son spectacle \u00ab\u00a0<em><strong>Paroles d&rsquo;Archives<\/strong><\/em>\u00a0\u00bb qui consistera en une lecture th\u00e9\u00e2trale et musicale d&rsquo;archives sur l&rsquo;\u00e9vacuation des alsaciens et des mosellans en septembre 1939.<br \/>\nCette repr\u00e9sentation sera compl\u00e9t\u00e9e par la diffusion de films sur l&rsquo;\u00e9vacuation et d&rsquo;une exposition.<\/p>\n<p>L&rsquo;entr\u00e9e est gratuite et la r\u00e9servation devra se faire au <em><strong>03 88 94 48 62<\/strong> <\/em>ou \u00e0 <a href=\"mailto:lignemaginot.lembach@orange.fr\">lignemaginot.lembach@orange.fr<\/a>, dans la limite des places disponibles.<\/p>\n<p>Le flyer de l&rsquo;\u00e9v\u00e9nement est disponible en cliquant sur l&rsquo;image ci-dessous :<\/p>\n<p><a href=\"https:\/\/www.lembach.fr\/mairie\/wp-content\/uploads\/2019\/07\/ligne_maginot_2019.pdf\" target=\"_blank\" rel=\"noopener noreferrer\"><img loading=\"lazy\" decoding=\"async\" class=\"aligncenter size-full wp-image-5698\" src=\"https:\/\/www.lembach.fr\/mairie\/wp-content\/uploads\/2019\/07\/ligne_maginot_2019.jpg\" alt=\"\" width=\"604\" height=\"565\" srcset=\"https:\/\/www.lembach.fr\/mairie\/wp-content\/uploads\/2019\/07\/ligne_maginot_2019.jpg 604w, https:\/\/www.lembach.fr\/mairie\/wp-content\/uploads\/2019\/07\/ligne_maginot_2019-300x281.jpg 300w\" sizes=\"auto, (max-width: 604px) 100vw, 604px\" \/><\/a><\/p>\n","protected":false},"excerpt":{"rendered":"<p>Du 30 ao\u00fbt au 1er septembre 2019, l&rsquo;Op\u00e9ration Ligne Maginot pour sa deuxi\u00e8me \u00e9dition, comm\u00e9morera l&rsquo;\u00e9vacuation des civils alsaciens et mosellans en septembre 1939, il y a 80 ans&#8230; En ce qui concerne la participation de l&rsquo;ouvrage du Four-\u00e0-Chaux de Lembach \u00e0 cet \u00e9v\u00e8nement, il sera mis l&rsquo;accent sur la soir\u00e9e du vendredi 30\/8. A &hellip; <\/p>\n<p><a class=\"more-link btn\" href=\"https:\/\/www.lembach.fr\/mairie\/2019\/07\/18\/operation-ligne-maginot-edition-2019\/\">Lire la suite<\/a><\/p>\n","protected":false},"author":1,"featured_media":0,"comment_status":"closed","ping_status":"closed","sticky":false,"template":"","format":"standard","meta":{"footnotes":""},"categories":[7,20],"tags":[],"class_list":["post-5697","post","type-post","status-publish","format-standard","hentry","category-manifestations","category-spectacle","item-wrap"],"_links":{"self":[{"href":"https:\/\/www.lembach.fr\/mairie\/wp-json\/wp\/v2\/posts\/5697","targetHints":{"allow":["GET"]}}],"collection":[{"href":"https:\/\/www.lembach.fr\/mairie\/wp-json\/wp\/v2\/posts"}],"about":[{"href":"https:\/\/www.lembach.fr\/mairie\/wp-json\/wp\/v2\/types\/post"}],"author":[{"embeddable":true,"href":"https:\/\/www.lembach.fr\/mairie\/wp-json\/wp\/v2\/users\/1"}],"replies":[{"embeddable":true,"href":"https:\/\/www.lembach.fr\/mairie\/wp-json\/wp\/v2\/comments?post=5697"}],"version-history":[{"count":0,"href":"https:\/\/www.lembach.fr\/mairie\/wp-json\/wp\/v2\/posts\/5697\/revisions"}],"wp:attachment":[{"href":"https:\/\/www.lembach.fr\/mairie\/wp-json\/wp\/v2\/media?parent=5697"}],"wp:term":[{"taxonomy":"category","embeddable":true,"href":"https:\/\/www.lembach.fr\/mairie\/wp-json\/wp\/v2\/categories?post=5697"},{"taxonomy":"post_tag","embeddable":true,"href":"https:\/\/www.lembach.fr\/mairie\/wp-json\/wp\/v2\/tags?post=5697"}],"curies":[{"name":"wp","href":"https:\/\/api.w.org\/{rel}","templated":true}]}}