{"id":5677,"date":"2019-06-30T17:54:13","date_gmt":"2019-06-30T16:54:13","guid":{"rendered":"https:\/\/www.lembach.fr\/mairie\/?p=5677"},"modified":"2019-06-30T17:57:50","modified_gmt":"2019-06-30T16:57:50","slug":"appartement-a-louer","status":"publish","type":"post","link":"https:\/\/www.lembach.fr\/mairie\/2019\/06\/30\/appartement-a-louer\/","title":{"rendered":"Appartement \u00e0 louer"},"content":{"rendered":"<p style=\"text-align: center;\" align=\"justify\">A louer appartement 2\u00e8me \u00e9tage, au dessus de l\u2019\u00e9cole<br \/>\n3 pi\u00e8ces de 15, 15 et 17m2<br \/>\ncuisine r\u00e9nov\u00e9e \u00e9quip\u00e9e, avec four, plaque et hotte<br \/>\nSalle de bain r\u00e9nov\u00e9e avec bain-douche, meuble lavabo et wc<br \/>\nGrand d\u00e9gagement et d\u00e9barras<br \/>\nChauffage collectif au bois<br \/>\nVMC et eau chaude individuelles<br \/>\nLoyer mensuel 490\u20ac<br \/>\nAcompte sur charges 60\u20ac<br \/>\nLibre de suite<\/p>\n<p align=\"justify\">Vous pouvez prendre contact \u00e0 la mairie ou par mail \u00e0 <a href=\"mailto:adjoints@lembach.fr\">adjoints@lembach.fr<\/a> en laissant votre nom et num\u00e9ro de t\u00e9l\u00e9phone.<\/p>\n\n\t\t<style type=\"text\/css\">\n\t\t\t#gallery-1 {\n\t\t\t\tmargin: auto;\n\t\t\t}\n\t\t\t#gallery-1 .gallery-item {\n\t\t\t\tfloat: left;\n\t\t\t\tmargin-top: 10px;\n\t\t\t\ttext-align: center;\n\t\t\t\twidth: 33%;\n\t\t\t}\n\t\t\t#gallery-1 img {\n\t\t\t\tborder: 2px solid #cfcfcf;\n\t\t\t}\n\t\t\t#gallery-1 .gallery-caption {\n\t\t\t\tmargin-left: 0;\n\t\t\t}\n\t\t\t\/* see gallery_shortcode() in wp-includes\/media.php *\/\n\t\t<\/style>\n\t\t<div id='gallery-1' class='gallery galleryid-5677 gallery-columns-3 gallery-size-thumbnail'><dl class='gallery-item'>\n\t\t\t<dt class='gallery-icon landscape'>\n\t\t\t\t<a href='https:\/\/www.lembach.fr\/mairie\/2019\/06\/30\/appartement-a-louer\/appartement1\/'><img loading=\"lazy\" decoding=\"async\" width=\"150\" height=\"150\" src=\"https:\/\/www.lembach.fr\/mairie\/wp-content\/uploads\/2019\/06\/appartement1-150x150.jpg\" class=\"attachment-thumbnail size-thumbnail\" alt=\"\" \/><\/a>\n\t\t\t<\/dt><\/dl><dl class='gallery-item'>\n\t\t\t<dt class='gallery-icon portrait'>\n\t\t\t\t<a href='https:\/\/www.lembach.fr\/mairie\/2019\/06\/30\/appartement-a-louer\/appartement2\/'><img loading=\"lazy\" decoding=\"async\" width=\"150\" height=\"150\" src=\"https:\/\/www.lembach.fr\/mairie\/wp-content\/uploads\/2019\/06\/appartement2-150x150.jpg\" class=\"attachment-thumbnail size-thumbnail\" alt=\"\" \/><\/a>\n\t\t\t<\/dt><\/dl><dl class='gallery-item'>\n\t\t\t<dt class='gallery-icon landscape'>\n\t\t\t\t<a href='https:\/\/www.lembach.fr\/mairie\/2019\/06\/30\/appartement-a-louer\/appartement3\/'><img loading=\"lazy\" decoding=\"async\" width=\"150\" height=\"150\" src=\"https:\/\/www.lembach.fr\/mairie\/wp-content\/uploads\/2019\/06\/appartement3-150x150.jpg\" class=\"attachment-thumbnail size-thumbnail\" alt=\"\" \/><\/a>\n\t\t\t<\/dt><\/dl><br style=\"clear: both\" \/>\n\t\t<\/div>\n\n","protected":false},"excerpt":{"rendered":"<p>A louer appartement 2\u00e8me \u00e9tage, au dessus de l\u2019\u00e9cole 3 pi\u00e8ces de 15, 15 et 17m2 cuisine r\u00e9nov\u00e9e \u00e9quip\u00e9e, avec four, plaque et hotte Salle de bain r\u00e9nov\u00e9e avec bain-douche, meuble lavabo et wc Grand d\u00e9gagement et d\u00e9barras Chauffage collectif au bois VMC et eau chaude individuelles Loyer mensuel 490\u20ac Acompte sur charges 60\u20ac Libre &hellip; <\/p>\n<p><a class=\"more-link btn\" href=\"https:\/\/www.lembach.fr\/mairie\/2019\/06\/30\/appartement-a-louer\/\">Lire la suite<\/a><\/p>\n","protected":false},"author":1,"featured_media":0,"comment_status":"closed","ping_status":"closed","sticky":false,"template":"","format":"standard","meta":{"footnotes":""},"categories":[12],"tags":[],"class_list":["post-5677","post","type-post","status-publish","format-standard","hentry","category-informations","item-wrap"],"_links":{"self":[{"href":"https:\/\/www.lembach.fr\/mairie\/wp-json\/wp\/v2\/posts\/5677","targetHints":{"allow":["GET"]}}],"collection":[{"href":"https:\/\/www.lembach.fr\/mairie\/wp-json\/wp\/v2\/posts"}],"about":[{"href":"https:\/\/www.lembach.fr\/mairie\/wp-json\/wp\/v2\/types\/post"}],"author":[{"embeddable":true,"href":"https:\/\/www.lembach.fr\/mairie\/wp-json\/wp\/v2\/users\/1"}],"replies":[{"embeddable":true,"href":"https:\/\/www.lembach.fr\/mairie\/wp-json\/wp\/v2\/comments?post=5677"}],"version-history":[{"count":0,"href":"https:\/\/www.lembach.fr\/mairie\/wp-json\/wp\/v2\/posts\/5677\/revisions"}],"wp:attachment":[{"href":"https:\/\/www.lembach.fr\/mairie\/wp-json\/wp\/v2\/media?parent=5677"}],"wp:term":[{"taxonomy":"category","embeddable":true,"href":"https:\/\/www.lembach.fr\/mairie\/wp-json\/wp\/v2\/categories?post=5677"},{"taxonomy":"post_tag","embeddable":true,"href":"https:\/\/www.lembach.fr\/mairie\/wp-json\/wp\/v2\/tags?post=5677"}],"curies":[{"name":"wp","href":"https:\/\/api.w.org\/{rel}","templated":true}]}}