{"id":5466,"date":"2018-12-05T12:38:33","date_gmt":"2018-12-05T11:38:33","guid":{"rendered":"https:\/\/www.lembach.fr\/mairie\/?p=5466"},"modified":"2018-12-06T20:11:55","modified_gmt":"2018-12-06T19:11:55","slug":"mattstall-a-sa-4eme-fleur","status":"publish","type":"post","link":"https:\/\/www.lembach.fr\/mairie\/2018\/12\/05\/mattstall-a-sa-4eme-fleur\/","title":{"rendered":"Mattstall a sa 4\u00e8me fleur"},"content":{"rendered":"<p><img loading=\"lazy\" decoding=\"async\" class=\"aligncenter size-full wp-image-5462\" src=\"https:\/\/www.lembach.fr\/mairie\/wp-content\/uploads\/2018\/11\/4fleurs.jpg\" alt=\"\" width=\"350\" height=\"129\" srcset=\"https:\/\/www.lembach.fr\/mairie\/wp-content\/uploads\/2018\/11\/4fleurs.jpg 350w, https:\/\/www.lembach.fr\/mairie\/wp-content\/uploads\/2018\/11\/4fleurs-300x111.jpg 300w\" sizes=\"auto, (max-width: 350px) 100vw, 350px\" \/><\/p>\n<p>La nouvelle vient de tomber : Mattstall vient d&rsquo;obtenir sa 4\u00e8me fleur au palmar\u00e8s 2018 d\u00e9cern\u00e9 par le jury national des \u00ab\u00a0<a href=\"http:\/\/www.villes-et-villages-fleuris.com\/\" target=\"_blank\" rel=\"noopener\"><em><strong>Villes et villages fleuris<\/strong><\/em><\/a>\u00a0\u00bb<\/p>\n<p><img loading=\"lazy\" decoding=\"async\" class=\"aligncenter size-full wp-image-5467\" src=\"https:\/\/www.lembach.fr\/mairie\/wp-content\/uploads\/2018\/11\/villages_fleuris.jpg\" alt=\"\" width=\"350\" height=\"129\" srcset=\"https:\/\/www.lembach.fr\/mairie\/wp-content\/uploads\/2018\/11\/villages_fleuris.jpg 350w, https:\/\/www.lembach.fr\/mairie\/wp-content\/uploads\/2018\/11\/villages_fleuris-300x111.jpg 300w\" sizes=\"auto, (max-width: 350px) 100vw, 350px\" \/> <img loading=\"lazy\" decoding=\"async\" class=\"aligncenter size-full wp-image-5468\" src=\"https:\/\/www.lembach.fr\/mairie\/wp-content\/uploads\/2018\/11\/villages_fleuris_2.jpg\" alt=\"\" width=\"657\" height=\"140\" srcset=\"https:\/\/www.lembach.fr\/mairie\/wp-content\/uploads\/2018\/11\/villages_fleuris_2.jpg 657w, https:\/\/www.lembach.fr\/mairie\/wp-content\/uploads\/2018\/11\/villages_fleuris_2-300x64.jpg 300w\" sizes=\"auto, (max-width: 657px) 100vw, 657px\" \/><\/p>\n<p>Un grand BRAVO \u00e0 l&rsquo;ensemble de la population pour ce prix qui r\u00e9compense un travail collectif de qualit\u00e9.<\/p>\n<hr \/>\n<p>Vous pouvez consulter ici <span style=\"text-decoration: underline;\"><strong><a href=\"https:\/\/www.lembach.fr\/mairie\/wp-content\/uploads\/2018\/12\/courrier_villes_et_villages_fleuris.pdf\" target=\"_blank\" rel=\"noopener\">le courrier officiel du Conseil National des villes et villages fleuris<\/a><\/strong><\/span> qui annonce le prix d\u00e9cern\u00e9.<\/p>\n","protected":false},"excerpt":{"rendered":"<p>La nouvelle vient de tomber : Mattstall vient d&rsquo;obtenir sa 4\u00e8me fleur au palmar\u00e8s 2018 d\u00e9cern\u00e9 par le jury national des \u00ab\u00a0Villes et villages fleuris\u00a0\u00bb Un grand BRAVO \u00e0 l&rsquo;ensemble de la population pour ce prix qui r\u00e9compense un travail collectif de qualit\u00e9. Vous pouvez consulter ici le courrier officiel du Conseil National des villes &hellip; <\/p>\n<p><a class=\"more-link btn\" href=\"https:\/\/www.lembach.fr\/mairie\/2018\/12\/05\/mattstall-a-sa-4eme-fleur\/\">Lire la suite<\/a><\/p>\n","protected":false},"author":1,"featured_media":0,"comment_status":"closed","ping_status":"closed","sticky":false,"template":"","format":"standard","meta":{"footnotes":""},"categories":[12],"tags":[],"class_list":["post-5466","post","type-post","status-publish","format-standard","hentry","category-informations","item-wrap"],"_links":{"self":[{"href":"https:\/\/www.lembach.fr\/mairie\/wp-json\/wp\/v2\/posts\/5466","targetHints":{"allow":["GET"]}}],"collection":[{"href":"https:\/\/www.lembach.fr\/mairie\/wp-json\/wp\/v2\/posts"}],"about":[{"href":"https:\/\/www.lembach.fr\/mairie\/wp-json\/wp\/v2\/types\/post"}],"author":[{"embeddable":true,"href":"https:\/\/www.lembach.fr\/mairie\/wp-json\/wp\/v2\/users\/1"}],"replies":[{"embeddable":true,"href":"https:\/\/www.lembach.fr\/mairie\/wp-json\/wp\/v2\/comments?post=5466"}],"version-history":[{"count":0,"href":"https:\/\/www.lembach.fr\/mairie\/wp-json\/wp\/v2\/posts\/5466\/revisions"}],"wp:attachment":[{"href":"https:\/\/www.lembach.fr\/mairie\/wp-json\/wp\/v2\/media?parent=5466"}],"wp:term":[{"taxonomy":"category","embeddable":true,"href":"https:\/\/www.lembach.fr\/mairie\/wp-json\/wp\/v2\/categories?post=5466"},{"taxonomy":"post_tag","embeddable":true,"href":"https:\/\/www.lembach.fr\/mairie\/wp-json\/wp\/v2\/tags?post=5466"}],"curies":[{"name":"wp","href":"https:\/\/api.w.org\/{rel}","templated":true}]}}