{"id":5387,"date":"2018-09-05T13:45:39","date_gmt":"2018-09-05T12:45:39","guid":{"rendered":"https:\/\/www.lembach.fr\/mairie\/?p=5387"},"modified":"2018-09-05T13:45:39","modified_gmt":"2018-09-05T12:45:39","slug":"limitation-des-usages-de-leau","status":"publish","type":"post","link":"https:\/\/www.lembach.fr\/mairie\/2018\/09\/05\/limitation-des-usages-de-leau\/","title":{"rendered":"Limitation des usages de l&rsquo;eau"},"content":{"rendered":"<p>Un arr\u00eat\u00e9 pr\u00e9fectoral en date du 24 ao\u00fbt 2018, portant limitation de certains usages de l&rsquo;eau au sein de la zone de gestion \u00ab\u00a0Lauter, Sauer, Moder et Zorn\u00a0\u00bb.<\/p>\n<p>Cet arr\u00eat\u00e9 remplace le pr\u00e9c\u00e9dent dat\u00e9 du 20 ao\u00fbt 2018 qui ne concernait que le sous-bassin du Seltzbach.<\/p>\n<p>En effet, les cours d&rsquo;eau Lauter, Sauer, Moder et Zorn sont pass\u00e9s en situation d&rsquo;<strong>ALERTE<\/strong> et le Seltzbach est pass\u00e9 du seuil d&rsquo;<strong>ALERTE RENFORCEE<\/strong> au seul de <strong>CRISE<\/strong>.<\/p>\n<p>Vous trouverez ci-dessous le document complet limitant ces usages :<\/p>\n<p style=\"text-align: center;\"><a href=\"https:\/\/www.lembach.fr\/mairie\/wp-content\/uploads\/2018\/09\/arrete_prefectoral_20180824.pdf\" target=\"_blank\" rel=\"noopener\"><img loading=\"lazy\" decoding=\"async\" class=\"aligncenter size-full wp-image-5388\" src=\"https:\/\/www.lembach.fr\/mairie\/wp-content\/uploads\/2018\/09\/arrete_prefectoral_20180824.jpg\" alt=\"\" width=\"405\" height=\"229\" srcset=\"https:\/\/www.lembach.fr\/mairie\/wp-content\/uploads\/2018\/09\/arrete_prefectoral_20180824.jpg 405w, https:\/\/www.lembach.fr\/mairie\/wp-content\/uploads\/2018\/09\/arrete_prefectoral_20180824-300x170.jpg 300w\" sizes=\"auto, (max-width: 405px) 100vw, 405px\" \/><\/a><\/p>\n","protected":false},"excerpt":{"rendered":"<p>Un arr\u00eat\u00e9 pr\u00e9fectoral en date du 24 ao\u00fbt 2018, portant limitation de certains usages de l&rsquo;eau au sein de la zone de gestion \u00ab\u00a0Lauter, Sauer, Moder et Zorn\u00a0\u00bb. Cet arr\u00eat\u00e9 remplace le pr\u00e9c\u00e9dent dat\u00e9 du 20 ao\u00fbt 2018 qui ne concernait que le sous-bassin du Seltzbach. En effet, les cours d&rsquo;eau Lauter, Sauer, Moder et &hellip; <\/p>\n<p><a class=\"more-link btn\" href=\"https:\/\/www.lembach.fr\/mairie\/2018\/09\/05\/limitation-des-usages-de-leau\/\">Lire la suite<\/a><\/p>\n","protected":false},"author":1,"featured_media":0,"comment_status":"closed","ping_status":"closed","sticky":false,"template":"","format":"standard","meta":{"footnotes":""},"categories":[14],"tags":[],"class_list":["post-5387","post","type-post","status-publish","format-standard","hentry","category-administratif","item-wrap"],"_links":{"self":[{"href":"https:\/\/www.lembach.fr\/mairie\/wp-json\/wp\/v2\/posts\/5387","targetHints":{"allow":["GET"]}}],"collection":[{"href":"https:\/\/www.lembach.fr\/mairie\/wp-json\/wp\/v2\/posts"}],"about":[{"href":"https:\/\/www.lembach.fr\/mairie\/wp-json\/wp\/v2\/types\/post"}],"author":[{"embeddable":true,"href":"https:\/\/www.lembach.fr\/mairie\/wp-json\/wp\/v2\/users\/1"}],"replies":[{"embeddable":true,"href":"https:\/\/www.lembach.fr\/mairie\/wp-json\/wp\/v2\/comments?post=5387"}],"version-history":[{"count":0,"href":"https:\/\/www.lembach.fr\/mairie\/wp-json\/wp\/v2\/posts\/5387\/revisions"}],"wp:attachment":[{"href":"https:\/\/www.lembach.fr\/mairie\/wp-json\/wp\/v2\/media?parent=5387"}],"wp:term":[{"taxonomy":"category","embeddable":true,"href":"https:\/\/www.lembach.fr\/mairie\/wp-json\/wp\/v2\/categories?post=5387"},{"taxonomy":"post_tag","embeddable":true,"href":"https:\/\/www.lembach.fr\/mairie\/wp-json\/wp\/v2\/tags?post=5387"}],"curies":[{"name":"wp","href":"https:\/\/api.w.org\/{rel}","templated":true}]}}