{"id":5250,"date":"2018-04-06T15:44:14","date_gmt":"2018-04-06T14:44:14","guid":{"rendered":"https:\/\/www.lembach.fr\/mairie\/?p=5250"},"modified":"2018-04-06T15:46:59","modified_gmt":"2018-04-06T14:46:59","slug":"cheque-energie-2018","status":"publish","type":"post","link":"https:\/\/www.lembach.fr\/mairie\/2018\/04\/06\/cheque-energie-2018\/","title":{"rendered":"Ch\u00e8que \u00c9nergie 2018"},"content":{"rendered":"<h3><strong>Les tarifs sociaux de l\u2019\u00e9nergie sont remplac\u00e9s par le ch\u00e8que \u00e9nergie en 2018. Entrant dans le cadre de la loi sur la transition \u00e9nerg\u00e9tique, il doit aider les foyers modestes \u00e0 r\u00e9gler leurs factures de chauffage ou financer des travaux de r\u00e9novation \u00e9nerg\u00e9tique.<\/strong><\/h3>\n<p><img loading=\"lazy\" decoding=\"async\" class=\"aligncenter size-full wp-image-5252\" src=\"https:\/\/www.lembach.fr\/mairie\/wp-content\/uploads\/2018\/04\/cheque-energie.jpg\" alt=\"\" width=\"400\" height=\"214\" srcset=\"https:\/\/www.lembach.fr\/mairie\/wp-content\/uploads\/2018\/04\/cheque-energie.jpg 400w, https:\/\/www.lembach.fr\/mairie\/wp-content\/uploads\/2018\/04\/cheque-energie-300x161.jpg 300w\" sizes=\"auto, (max-width: 400px) 100vw, 400px\" \/><\/p>\n<p style=\"text-align: center;\"><strong>Comment est-il attribu\u00e9 ?<\/strong><br \/>\n<strong> Quelles sont les conditions d\u2019utilisation ?<\/strong><\/p>\n<p style=\"text-align: center;\">Tous les d\u00e9tails sur le fonctionnement<br \/>\nde cette nouvelle aide financi\u00e8re pour l\u2019\u00e9nergie<br \/>\nsont disponibles sur cette page :<br \/>\n<a href=\"https:\/\/selectra.info\/energie\/guides\/demarches\/cheque-energie\" target=\"_blank\" rel=\"noopener\"><strong>-&gt; ch\u00e8que energie &lt;-<\/strong><\/a><\/p>\n<p style=\"text-align: center;\">V\u00e9rifiez votre \u00e9ligibilit\u00e9 au ch\u00e8que Energie<strong> <a href=\"https:\/\/chequeenergie.gouv.fr\/beneficiaire\/eligibilite\" target=\"_blank\" rel=\"noopener\">-&gt; ici &lt;-<\/a><\/strong><\/p>\n","protected":false},"excerpt":{"rendered":"<p>Les tarifs sociaux de l\u2019\u00e9nergie sont remplac\u00e9s par le ch\u00e8que \u00e9nergie en 2018. Entrant dans le cadre de la loi sur la transition \u00e9nerg\u00e9tique, il doit aider les foyers modestes \u00e0 r\u00e9gler leurs factures de chauffage ou financer des travaux de r\u00e9novation \u00e9nerg\u00e9tique. Comment est-il attribu\u00e9 ? Quelles sont les conditions d\u2019utilisation ? Tous les &hellip; <\/p>\n<p><a class=\"more-link btn\" href=\"https:\/\/www.lembach.fr\/mairie\/2018\/04\/06\/cheque-energie-2018\/\">Lire la suite<\/a><\/p>\n","protected":false},"author":1,"featured_media":0,"comment_status":"closed","ping_status":"closed","sticky":false,"template":"","format":"standard","meta":{"footnotes":""},"categories":[12],"tags":[],"class_list":["post-5250","post","type-post","status-publish","format-standard","hentry","category-informations","item-wrap"],"_links":{"self":[{"href":"https:\/\/www.lembach.fr\/mairie\/wp-json\/wp\/v2\/posts\/5250","targetHints":{"allow":["GET"]}}],"collection":[{"href":"https:\/\/www.lembach.fr\/mairie\/wp-json\/wp\/v2\/posts"}],"about":[{"href":"https:\/\/www.lembach.fr\/mairie\/wp-json\/wp\/v2\/types\/post"}],"author":[{"embeddable":true,"href":"https:\/\/www.lembach.fr\/mairie\/wp-json\/wp\/v2\/users\/1"}],"replies":[{"embeddable":true,"href":"https:\/\/www.lembach.fr\/mairie\/wp-json\/wp\/v2\/comments?post=5250"}],"version-history":[{"count":0,"href":"https:\/\/www.lembach.fr\/mairie\/wp-json\/wp\/v2\/posts\/5250\/revisions"}],"wp:attachment":[{"href":"https:\/\/www.lembach.fr\/mairie\/wp-json\/wp\/v2\/media?parent=5250"}],"wp:term":[{"taxonomy":"category","embeddable":true,"href":"https:\/\/www.lembach.fr\/mairie\/wp-json\/wp\/v2\/categories?post=5250"},{"taxonomy":"post_tag","embeddable":true,"href":"https:\/\/www.lembach.fr\/mairie\/wp-json\/wp\/v2\/tags?post=5250"}],"curies":[{"name":"wp","href":"https:\/\/api.w.org\/{rel}","templated":true}]}}