{"id":5180,"date":"2018-02-21T12:18:28","date_gmt":"2018-02-21T11:18:28","guid":{"rendered":"https:\/\/www.lembach.fr\/mairie\/?p=5180"},"modified":"2018-02-21T12:18:28","modified_gmt":"2018-02-21T11:18:28","slug":"babbelkaffee-a-la-maison-rurale","status":"publish","type":"post","link":"https:\/\/www.lembach.fr\/mairie\/2018\/02\/21\/babbelkaffee-a-la-maison-rurale\/","title":{"rendered":"B\u00e0bbelk\u00e0ffee \u00e0 la maison rurale"},"content":{"rendered":"<p><img loading=\"lazy\" decoding=\"async\" class=\"aligncenter size-full wp-image-5181\" src=\"https:\/\/www.lembach.fr\/mairie\/wp-content\/uploads\/2018\/02\/babbelkaffee.jpg\" alt=\"\" width=\"640\" height=\"891\" srcset=\"https:\/\/www.lembach.fr\/mairie\/wp-content\/uploads\/2018\/02\/babbelkaffee.jpg 640w, https:\/\/www.lembach.fr\/mairie\/wp-content\/uploads\/2018\/02\/babbelkaffee-215x300.jpg 215w\" sizes=\"auto, (max-width: 640px) 100vw, 640px\" \/><\/p>\n","protected":false},"excerpt":{"rendered":"","protected":false},"author":1,"featured_media":0,"comment_status":"closed","ping_status":"closed","sticky":false,"template":"","format":"standard","meta":{"footnotes":""},"categories":[15],"tags":[],"class_list":["post-5180","post","type-post","status-publish","format-standard","hentry","category-conferences","item-wrap"],"_links":{"self":[{"href":"https:\/\/www.lembach.fr\/mairie\/wp-json\/wp\/v2\/posts\/5180","targetHints":{"allow":["GET"]}}],"collection":[{"href":"https:\/\/www.lembach.fr\/mairie\/wp-json\/wp\/v2\/posts"}],"about":[{"href":"https:\/\/www.lembach.fr\/mairie\/wp-json\/wp\/v2\/types\/post"}],"author":[{"embeddable":true,"href":"https:\/\/www.lembach.fr\/mairie\/wp-json\/wp\/v2\/users\/1"}],"replies":[{"embeddable":true,"href":"https:\/\/www.lembach.fr\/mairie\/wp-json\/wp\/v2\/comments?post=5180"}],"version-history":[{"count":0,"href":"https:\/\/www.lembach.fr\/mairie\/wp-json\/wp\/v2\/posts\/5180\/revisions"}],"wp:attachment":[{"href":"https:\/\/www.lembach.fr\/mairie\/wp-json\/wp\/v2\/media?parent=5180"}],"wp:term":[{"taxonomy":"category","embeddable":true,"href":"https:\/\/www.lembach.fr\/mairie\/wp-json\/wp\/v2\/categories?post=5180"},{"taxonomy":"post_tag","embeddable":true,"href":"https:\/\/www.lembach.fr\/mairie\/wp-json\/wp\/v2\/tags?post=5180"}],"curies":[{"name":"wp","href":"https:\/\/api.w.org\/{rel}","templated":true}]}}