{"id":5105,"date":"2017-11-09T20:39:10","date_gmt":"2017-11-09T19:39:10","guid":{"rendered":"https:\/\/www.lembach.fr\/mairie\/?p=5105"},"modified":"2017-11-09T20:41:16","modified_gmt":"2017-11-09T19:41:16","slug":"sentier-des-creches-et-des-lumieres-appel-aux-habitants","status":"publish","type":"post","link":"https:\/\/www.lembach.fr\/mairie\/2017\/11\/09\/sentier-des-creches-et-des-lumieres-appel-aux-habitants\/","title":{"rendered":"Sentier des cr\u00e8ches et des lumi\u00e8res : appel aux habitants"},"content":{"rendered":"<h3>Dans le cadre des nouvelles animations de la p\u00e9riode de l\u2019avent, l\u2019association Lembach demain propose d\u2019organiser un sentier des cr\u00e8ches et des lumi\u00e8res. Elle invite les habitants \u00e0 participer : les int\u00e9ress\u00e9s peuvent se manifester jusqu\u2019au 15 novembre.<\/h3>\n<p style=\"text-align: center;\"><img loading=\"lazy\" decoding=\"async\" class=\"aligncenter size-full wp-image-5106\" src=\"https:\/\/www.lembach.fr\/mairie\/wp-content\/uploads\/2017\/11\/creche.jpg\" alt=\"\" width=\"622\" height=\"461\" srcset=\"https:\/\/www.lembach.fr\/mairie\/wp-content\/uploads\/2017\/11\/creche.jpg 622w, https:\/\/www.lembach.fr\/mairie\/wp-content\/uploads\/2017\/11\/creche-300x222.jpg 300w\" sizes=\"auto, (max-width: 622px) 100vw, 622px\" \/>cr\u00e8che de l\u2019\u00e9glise Saint-Jacques<\/p>\n<p>Depuis des ann\u00e9es, on peut admirer \u00e0 Lembach et \u00e0 Mattstall quelques cr\u00e8ches remarquables, et, au\u00a0 Pfaffenbronn, quelques belles d\u00e9corations de No\u00ebl. Dans le cadre des nouvelles animations de la p\u00e9riode de l\u2019avent, l\u2019association Lembach demain propose d\u2019organiser un sentier des cr\u00e8ches et des lumi\u00e8res et invite les habitants \u00e0 participer : une petite lumi\u00e8re allum\u00e9e le soir au niveau de chaque maison serait d\u00e9j\u00e0 un bon d\u00e9but, une petite cr\u00e8che \u00e9clair\u00e9e dans le jardin ou sur le balcon, ou encore une d\u00e9coration de No\u00ebl lumineuse serait encore mieux.<\/p>\n<p>Afin d\u2019inciter les gens \u00e0 sortir le soir et faire un tour dans les rues de Lembach et environs, en fonction du nombre de participants, un plan voire un jeu pourrait \u00eatre mis en place.<\/p>\n<p>&nbsp;<\/p>\n<div class=\"alert alert-success\" role=\"alert\"><p class=\"printonly\"><strong>Important!<\/strong><\/p>\n<p style=\"text-align: center;\" class=\"first-p\">Contact :<\/p>\n<p style=\"text-align: center;\">Syndicat d\u2019initiative \u2013 Office de tourisme intercommunal de Lembach<br \/>\n( \u2706 03 88 94 43 16 &#8211; info@ot-lembach.com)<br \/>\nou<br \/>\nHubert Kettering<br \/>\n( \u2706 06 74 78 87 35, kettering.h@orange.fr)<\/p>\n<p style=\"text-align: center;\">avant le 15 novembre<\/p>\n<\/div>\n<p style=\"text-align: right;\">Texte et photo : HUB. K.<\/p>\n<p>&nbsp;<\/p>\n","protected":false},"excerpt":{"rendered":"<p>Dans le cadre des nouvelles animations de la p\u00e9riode de l\u2019avent, l\u2019association Lembach demain propose d\u2019organiser un sentier des cr\u00e8ches et des lumi\u00e8res. Elle invite les habitants \u00e0 participer : les int\u00e9ress\u00e9s peuvent se manifester jusqu\u2019au 15 novembre. cr\u00e8che de l\u2019\u00e9glise Saint-Jacques Depuis des ann\u00e9es, on peut admirer \u00e0 Lembach et \u00e0 Mattstall quelques cr\u00e8ches &hellip; <\/p>\n<p><a class=\"more-link btn\" href=\"https:\/\/www.lembach.fr\/mairie\/2017\/11\/09\/sentier-des-creches-et-des-lumieres-appel-aux-habitants\/\">Lire la suite<\/a><\/p>\n","protected":false},"author":1,"featured_media":0,"comment_status":"closed","ping_status":"closed","sticky":false,"template":"","format":"standard","meta":{"footnotes":""},"categories":[7],"tags":[],"class_list":["post-5105","post","type-post","status-publish","format-standard","hentry","category-manifestations","item-wrap"],"_links":{"self":[{"href":"https:\/\/www.lembach.fr\/mairie\/wp-json\/wp\/v2\/posts\/5105","targetHints":{"allow":["GET"]}}],"collection":[{"href":"https:\/\/www.lembach.fr\/mairie\/wp-json\/wp\/v2\/posts"}],"about":[{"href":"https:\/\/www.lembach.fr\/mairie\/wp-json\/wp\/v2\/types\/post"}],"author":[{"embeddable":true,"href":"https:\/\/www.lembach.fr\/mairie\/wp-json\/wp\/v2\/users\/1"}],"replies":[{"embeddable":true,"href":"https:\/\/www.lembach.fr\/mairie\/wp-json\/wp\/v2\/comments?post=5105"}],"version-history":[{"count":0,"href":"https:\/\/www.lembach.fr\/mairie\/wp-json\/wp\/v2\/posts\/5105\/revisions"}],"wp:attachment":[{"href":"https:\/\/www.lembach.fr\/mairie\/wp-json\/wp\/v2\/media?parent=5105"}],"wp:term":[{"taxonomy":"category","embeddable":true,"href":"https:\/\/www.lembach.fr\/mairie\/wp-json\/wp\/v2\/categories?post=5105"},{"taxonomy":"post_tag","embeddable":true,"href":"https:\/\/www.lembach.fr\/mairie\/wp-json\/wp\/v2\/tags?post=5105"}],"curies":[{"name":"wp","href":"https:\/\/api.w.org\/{rel}","templated":true}]}}