{"id":5075,"date":"2017-10-30T16:14:18","date_gmt":"2017-10-30T15:14:18","guid":{"rendered":"https:\/\/www.lembach.fr\/mairie\/?p=5075"},"modified":"2017-11-01T10:58:48","modified_gmt":"2017-11-01T09:58:48","slug":"route-barree-climbach-wissembourg","status":"publish","type":"post","link":"https:\/\/www.lembach.fr\/mairie\/2017\/10\/30\/route-barree-climbach-wissembourg\/","title":{"rendered":"Route barr\u00e9e : Climbach-Wissembourg"},"content":{"rendered":"<h1 style=\"text-align: center;\"><strong>INFORMATION !<\/strong><\/h1>\n<p style=\"text-align: center;\"><img loading=\"lazy\" decoding=\"async\" class=\"aligncenter size-full wp-image-5003\" src=\"https:\/\/www.lembach.fr\/mairie\/wp-content\/uploads\/2017\/10\/route_barree.jpg\" alt=\"\" width=\"200\" height=\"149\" \/><\/p>\n<div class=\"alert alert-warning\" role=\"alert\"><p class=\"printonly\"><strong>Warning!<\/strong><\/p>\n<p style=\"text-align: center;\" class=\"first-p\">la route de Wissembourg<br \/>\ndu carrefour RD 3 &#8211; RD51 et RD 503<br \/>\n\u00e0 la sortie de Climbach direction Wissembourg<\/p>\n<p style=\"text-align: center;\">sera ferm\u00e9e \u00e0 toute circulation dans les deux sens<\/p>\n<p style=\"text-align: center;\"><span style=\"color: #ff0000;\"><strong>le jeudi 2 novembre 2017<\/strong><\/span><\/p>\n<\/div>\n<p style=\"text-align: center;\">une d\u00e9viation sera mise en place pour acc\u00e9der \u00e0 Wissembourg<br \/>\npar <strong>Drachenbronn &#8211; Cleebourg &#8211; Rott<\/strong><\/p>\n<p style=\"text-align: center;\">La St\u00e9 JEAN LEFEBVRE ex\u00e9cutera des travaux de voirie<\/p>\n<p style=\"text-align: center;\"><img loading=\"lazy\" decoding=\"async\" class=\"aligncenter size-full wp-image-5081\" src=\"https:\/\/www.lembach.fr\/mairie\/wp-content\/uploads\/2017\/10\/travaux.jpg\" alt=\"\" width=\"300\" height=\"216\" \/><\/p>\n","protected":false},"excerpt":{"rendered":"<p>INFORMATION ! une d\u00e9viation sera mise en place pour acc\u00e9der \u00e0 Wissembourg par Drachenbronn &#8211; Cleebourg &#8211; Rott La St\u00e9 JEAN LEFEBVRE ex\u00e9cutera des travaux de voirie<\/p>\n","protected":false},"author":1,"featured_media":0,"comment_status":"closed","ping_status":"closed","sticky":false,"template":"","format":"standard","meta":{"footnotes":""},"categories":[12],"tags":[],"class_list":["post-5075","post","type-post","status-publish","format-standard","hentry","category-informations","item-wrap"],"_links":{"self":[{"href":"https:\/\/www.lembach.fr\/mairie\/wp-json\/wp\/v2\/posts\/5075","targetHints":{"allow":["GET"]}}],"collection":[{"href":"https:\/\/www.lembach.fr\/mairie\/wp-json\/wp\/v2\/posts"}],"about":[{"href":"https:\/\/www.lembach.fr\/mairie\/wp-json\/wp\/v2\/types\/post"}],"author":[{"embeddable":true,"href":"https:\/\/www.lembach.fr\/mairie\/wp-json\/wp\/v2\/users\/1"}],"replies":[{"embeddable":true,"href":"https:\/\/www.lembach.fr\/mairie\/wp-json\/wp\/v2\/comments?post=5075"}],"version-history":[{"count":0,"href":"https:\/\/www.lembach.fr\/mairie\/wp-json\/wp\/v2\/posts\/5075\/revisions"}],"wp:attachment":[{"href":"https:\/\/www.lembach.fr\/mairie\/wp-json\/wp\/v2\/media?parent=5075"}],"wp:term":[{"taxonomy":"category","embeddable":true,"href":"https:\/\/www.lembach.fr\/mairie\/wp-json\/wp\/v2\/categories?post=5075"},{"taxonomy":"post_tag","embeddable":true,"href":"https:\/\/www.lembach.fr\/mairie\/wp-json\/wp\/v2\/tags?post=5075"}],"curies":[{"name":"wp","href":"https:\/\/api.w.org\/{rel}","templated":true}]}}