{"id":4759,"date":"2017-10-17T16:05:35","date_gmt":"2017-10-17T15:05:35","guid":{"rendered":"https:\/\/www.lembach.fr\/mairie\/?p=4759"},"modified":"2017-11-01T10:59:30","modified_gmt":"2017-11-01T09:59:30","slug":"route-barree","status":"publish","type":"post","link":"https:\/\/www.lembach.fr\/mairie\/2017\/10\/17\/route-barree\/","title":{"rendered":"Route barr\u00e9e : Lembach-Bitche"},"content":{"rendered":"<h1 style=\"text-align: center;\"><strong>INFORMATION !<\/strong><\/h1>\n<p style=\"text-align: center;\"><img loading=\"lazy\" decoding=\"async\" class=\"aligncenter size-full wp-image-5003\" src=\"https:\/\/www.lembach.fr\/mairie\/wp-content\/uploads\/2017\/10\/route_barree.jpg\" alt=\"\" width=\"200\" height=\"149\" \/><\/p>\n<div class=\"alert alert-warning\" role=\"alert\"><p class=\"printonly\"><strong>Warning!<\/strong><\/p>\n<p style=\"text-align: center;\" class=\"first-p\"><strong>Le tron\u00e7on de la route d\u00e9partementale n\u00b03<\/strong><br \/>\n<strong>entre la sortie de LEMBACH vers Bitche<\/strong><br \/>\n<strong>et <\/strong><strong>le croisement de la Tannenbr\u00fcck<\/strong><\/p>\n<p style=\"text-align: center;\"><strong>sera ferm\u00e9 \u00e0 la circulation <\/strong><br \/>\n<span style=\"color: #ff0000;\"><strong>du 23 octobre 2017<\/strong><\/span><br \/>\n<span style=\"color: #ff0000;\"> <strong>au 3 novembre 2017<\/strong><\/span><br \/>\n<span style=\"color: #ff0000;\"> <strong>en journ\u00e9e de 8h \u00e0 16h<\/strong><\/span><\/p>\n<\/div>\n<p>Une d\u00e9viation est mise en place par Woerth &#8211; Reichshoffen &#8211; Dambach &#8211; Obersteinbach (informations sur <a href=\"http:\/\/www.inforoute67.fr\">http:\/\/www.inforoute67.fr<\/a> )<\/p>\n<p>Les travaux consistent \u00e0 l&rsquo;abattage de s\u00e9curit\u00e9 de l&rsquo;ensemble des bois morts ou d\u00e9p\u00e9rissants le long de la RD3 en lisi\u00e8re de for\u00eat. Ce chantier est r\u00e9alis\u00e9 par les b\u00fbcherons communaux sous ma\u00eetrise d&rsquo;ouvrage de l&rsquo;ONF.<\/p>\n<p style=\"text-align: center;\"><img loading=\"lazy\" decoding=\"async\" class=\"aligncenter size-full wp-image-5079\" src=\"https:\/\/www.lembach.fr\/mairie\/wp-content\/uploads\/2017\/10\/abattage.jpg\" alt=\"\" width=\"500\" height=\"395\" srcset=\"https:\/\/www.lembach.fr\/mairie\/wp-content\/uploads\/2017\/10\/abattage.jpg 500w, https:\/\/www.lembach.fr\/mairie\/wp-content\/uploads\/2017\/10\/abattage-300x237.jpg 300w\" sizes=\"auto, (max-width: 500px) 100vw, 500px\" \/><\/p>\n","protected":false},"excerpt":{"rendered":"<p>INFORMATION ! Une d\u00e9viation est mise en place par Woerth &#8211; Reichshoffen &#8211; Dambach &#8211; Obersteinbach (informations sur http:\/\/www.inforoute67.fr ) Les travaux consistent \u00e0 l&rsquo;abattage de s\u00e9curit\u00e9 de l&rsquo;ensemble des bois morts ou d\u00e9p\u00e9rissants le long de la RD3 en lisi\u00e8re de for\u00eat. Ce chantier est r\u00e9alis\u00e9 par les b\u00fbcherons communaux sous ma\u00eetrise d&rsquo;ouvrage de &hellip; <\/p>\n<p><a class=\"more-link btn\" href=\"https:\/\/www.lembach.fr\/mairie\/2017\/10\/17\/route-barree\/\">Lire la suite<\/a><\/p>\n","protected":false},"author":1,"featured_media":5079,"comment_status":"closed","ping_status":"closed","sticky":false,"template":"","format":"standard","meta":{"footnotes":""},"categories":[12],"tags":[],"class_list":["post-4759","post","type-post","status-publish","format-standard","has-post-thumbnail","hentry","category-informations","item-wrap"],"_links":{"self":[{"href":"https:\/\/www.lembach.fr\/mairie\/wp-json\/wp\/v2\/posts\/4759","targetHints":{"allow":["GET"]}}],"collection":[{"href":"https:\/\/www.lembach.fr\/mairie\/wp-json\/wp\/v2\/posts"}],"about":[{"href":"https:\/\/www.lembach.fr\/mairie\/wp-json\/wp\/v2\/types\/post"}],"author":[{"embeddable":true,"href":"https:\/\/www.lembach.fr\/mairie\/wp-json\/wp\/v2\/users\/1"}],"replies":[{"embeddable":true,"href":"https:\/\/www.lembach.fr\/mairie\/wp-json\/wp\/v2\/comments?post=4759"}],"version-history":[{"count":0,"href":"https:\/\/www.lembach.fr\/mairie\/wp-json\/wp\/v2\/posts\/4759\/revisions"}],"wp:featuredmedia":[{"embeddable":true,"href":"https:\/\/www.lembach.fr\/mairie\/wp-json\/wp\/v2\/media\/5079"}],"wp:attachment":[{"href":"https:\/\/www.lembach.fr\/mairie\/wp-json\/wp\/v2\/media?parent=4759"}],"wp:term":[{"taxonomy":"category","embeddable":true,"href":"https:\/\/www.lembach.fr\/mairie\/wp-json\/wp\/v2\/categories?post=4759"},{"taxonomy":"post_tag","embeddable":true,"href":"https:\/\/www.lembach.fr\/mairie\/wp-json\/wp\/v2\/tags?post=4759"}],"curies":[{"name":"wp","href":"https:\/\/api.w.org\/{rel}","templated":true}]}}