{"id":4679,"date":"2017-08-08T10:27:28","date_gmt":"2017-08-08T09:27:28","guid":{"rendered":"https:\/\/www.lembach.fr\/mairie\/?p=4679"},"modified":"2017-08-08T10:57:41","modified_gmt":"2017-08-08T09:57:41","slug":"samedi-19-aout-soiree-paella","status":"publish","type":"post","link":"https:\/\/www.lembach.fr\/mairie\/2017\/08\/08\/samedi-19-aout-soiree-paella\/","title":{"rendered":"Samedi 19 ao\u00fbt : soir\u00e9e pa\u00eblla"},"content":{"rendered":"<p><img loading=\"lazy\" decoding=\"async\" class=\"size-full wp-image-4680 aligncenter\" src=\"https:\/\/www.lembach.fr\/mairie\/wp-content\/uploads\/2017\/07\/ASL-Pa\u00eblla-19-ao\u00fbt.png\" alt=\"\" width=\"513\" height=\"732\" srcset=\"https:\/\/www.lembach.fr\/mairie\/wp-content\/uploads\/2017\/07\/ASL-Pa\u00eblla-19-ao\u00fbt.png 513w, https:\/\/www.lembach.fr\/mairie\/wp-content\/uploads\/2017\/07\/ASL-Pa\u00eblla-19-ao\u00fbt-210x300.png 210w\" sizes=\"auto, (max-width: 513px) 100vw, 513px\" \/><\/p>\n","protected":false},"excerpt":{"rendered":"","protected":false},"author":1,"featured_media":0,"comment_status":"closed","ping_status":"closed","sticky":false,"template":"","format":"standard","meta":{"footnotes":""},"categories":[11],"tags":[],"class_list":["post-4679","post","type-post","status-publish","format-standard","hentry","category-sorties-et-visites","item-wrap"],"_links":{"self":[{"href":"https:\/\/www.lembach.fr\/mairie\/wp-json\/wp\/v2\/posts\/4679","targetHints":{"allow":["GET"]}}],"collection":[{"href":"https:\/\/www.lembach.fr\/mairie\/wp-json\/wp\/v2\/posts"}],"about":[{"href":"https:\/\/www.lembach.fr\/mairie\/wp-json\/wp\/v2\/types\/post"}],"author":[{"embeddable":true,"href":"https:\/\/www.lembach.fr\/mairie\/wp-json\/wp\/v2\/users\/1"}],"replies":[{"embeddable":true,"href":"https:\/\/www.lembach.fr\/mairie\/wp-json\/wp\/v2\/comments?post=4679"}],"version-history":[{"count":0,"href":"https:\/\/www.lembach.fr\/mairie\/wp-json\/wp\/v2\/posts\/4679\/revisions"}],"wp:attachment":[{"href":"https:\/\/www.lembach.fr\/mairie\/wp-json\/wp\/v2\/media?parent=4679"}],"wp:term":[{"taxonomy":"category","embeddable":true,"href":"https:\/\/www.lembach.fr\/mairie\/wp-json\/wp\/v2\/categories?post=4679"},{"taxonomy":"post_tag","embeddable":true,"href":"https:\/\/www.lembach.fr\/mairie\/wp-json\/wp\/v2\/tags?post=4679"}],"curies":[{"name":"wp","href":"https:\/\/api.w.org\/{rel}","templated":true}]}}