{"id":4459,"date":"2017-04-03T08:53:08","date_gmt":"2017-04-03T07:53:08","guid":{"rendered":"http:\/\/www.lembach.fr\/mairie\/?p=4459"},"modified":"2017-04-05T09:19:50","modified_gmt":"2017-04-05T08:19:50","slug":"les-deux-vies-de-monsieur-paul","status":"publish","type":"post","link":"https:\/\/www.lembach.fr\/mairie\/2017\/04\/03\/les-deux-vies-de-monsieur-paul\/","title":{"rendered":"Les deux vies de Monsieur Paul"},"content":{"rendered":"<p>&nbsp;<\/p>\n<p>Article paru le 25 mars 2017 dans le journal \u00ab\u00a0Die Rheinpfalz\u00a0\u00bb :<\/p>\n<p>Sur les traces du Dr Paul Bertololy, m\u00e9decin de campagne et \u00e9crivain, \u00e0 Lembach : <a href=\"http:\/\/www.lembach.fr\/mairie\/wp-content\/uploads\/2017\/04\/Bertololy.pdf\">cliquer ici <\/a><\/p>\n<p>&nbsp;<\/p>\n<p><a href=\"http:\/\/www.lembach.fr\/mairie\/wp-content\/uploads\/2017\/04\/Bertololy.pdf\" target=\"_blank\"><img loading=\"lazy\" decoding=\"async\" class=\"size-full wp-image-4461 aligncenter\" style=\"border: 0pt none;\" src=\"http:\/\/www.lembach.fr\/mairie\/wp-content\/uploads\/2017\/04\/Bertololy-image.png\" alt=\"\" width=\"557\" height=\"413\" srcset=\"https:\/\/www.lembach.fr\/mairie\/wp-content\/uploads\/2017\/04\/Bertololy-image.png 557w, https:\/\/www.lembach.fr\/mairie\/wp-content\/uploads\/2017\/04\/Bertololy-image-300x222.png 300w\" sizes=\"auto, (max-width: 557px) 100vw, 557px\" \/><\/a><\/p>\n","protected":false},"excerpt":{"rendered":"<p>&nbsp; Article paru le 25 mars 2017 dans le journal \u00ab\u00a0Die Rheinpfalz\u00a0\u00bb : Sur les traces du Dr Paul Bertololy, m\u00e9decin de campagne et \u00e9crivain, \u00e0 Lembach : cliquer ici &nbsp;<\/p>\n","protected":false},"author":1,"featured_media":0,"comment_status":"closed","ping_status":"closed","sticky":false,"template":"","format":"standard","meta":{"footnotes":""},"categories":[19],"tags":[],"class_list":["post-4459","post","type-post","status-publish","format-standard","hentry","category-publications","item-wrap"],"_links":{"self":[{"href":"https:\/\/www.lembach.fr\/mairie\/wp-json\/wp\/v2\/posts\/4459","targetHints":{"allow":["GET"]}}],"collection":[{"href":"https:\/\/www.lembach.fr\/mairie\/wp-json\/wp\/v2\/posts"}],"about":[{"href":"https:\/\/www.lembach.fr\/mairie\/wp-json\/wp\/v2\/types\/post"}],"author":[{"embeddable":true,"href":"https:\/\/www.lembach.fr\/mairie\/wp-json\/wp\/v2\/users\/1"}],"replies":[{"embeddable":true,"href":"https:\/\/www.lembach.fr\/mairie\/wp-json\/wp\/v2\/comments?post=4459"}],"version-history":[{"count":0,"href":"https:\/\/www.lembach.fr\/mairie\/wp-json\/wp\/v2\/posts\/4459\/revisions"}],"wp:attachment":[{"href":"https:\/\/www.lembach.fr\/mairie\/wp-json\/wp\/v2\/media?parent=4459"}],"wp:term":[{"taxonomy":"category","embeddable":true,"href":"https:\/\/www.lembach.fr\/mairie\/wp-json\/wp\/v2\/categories?post=4459"},{"taxonomy":"post_tag","embeddable":true,"href":"https:\/\/www.lembach.fr\/mairie\/wp-json\/wp\/v2\/tags?post=4459"}],"curies":[{"name":"wp","href":"https:\/\/api.w.org\/{rel}","templated":true}]}}