{"id":4410,"date":"2017-03-13T14:30:42","date_gmt":"2017-03-13T13:30:42","guid":{"rendered":"http:\/\/www.lembach.fr\/mairie\/?p=4410"},"modified":"2017-03-24T13:15:11","modified_gmt":"2017-03-24T12:15:11","slug":"lembach-territoire-a-energie-positive-pour-la-croissance-verte","status":"publish","type":"post","link":"https:\/\/www.lembach.fr\/mairie\/2017\/03\/13\/lembach-territoire-a-energie-positive-pour-la-croissance-verte\/","title":{"rendered":"Lembach : Territoire \u00e0 \u00e9nergie positive pour la croissance verte"},"content":{"rendered":"<p>Le minist\u00e8re de l\u2019Environnement, de l\u2019Energie et de la Mer a reconnu la Communaut\u00e9 des communes Sauer-Pechelbronn comme territoire \u00e0 \u00e9nergie positive pour la croissance verte (TEPCV).<\/p>\n<p>Un certain nombre d\u2019actions et d\u2019investissements communaux et intercommunaux peuvent de ce fait profiter d\u2019un subventionnement particulier. La commune de Lembach est concern\u00e9e par l\u2019\u00e9clairage public et l\u2019achat d\u2019un v\u00e9hicule utilitaire \u00e9lectrique.<\/p>\n<p>La signature de la convention a eu lieu au minist\u00e8re lundi 27 f\u00e9vrier 2017.<\/p>\n<p><img loading=\"lazy\" decoding=\"async\" class=\"alignnone size-full wp-image-4411\" src=\"http:\/\/www.lembach.fr\/mairie\/wp-content\/uploads\/2017\/03\/Territoire-\u00e0-\u00e9nergie-positive.png\" alt=\"\" width=\"1107\" height=\"774\" srcset=\"https:\/\/www.lembach.fr\/mairie\/wp-content\/uploads\/2017\/03\/Territoire-\u00e0-\u00e9nergie-positive.png 1107w, https:\/\/www.lembach.fr\/mairie\/wp-content\/uploads\/2017\/03\/Territoire-\u00e0-\u00e9nergie-positive-300x210.png 300w, https:\/\/www.lembach.fr\/mairie\/wp-content\/uploads\/2017\/03\/Territoire-\u00e0-\u00e9nergie-positive-768x537.png 768w, https:\/\/www.lembach.fr\/mairie\/wp-content\/uploads\/2017\/03\/Territoire-\u00e0-\u00e9nergie-positive-1024x716.png 1024w\" sizes=\"auto, (max-width: 1107px) 100vw, 1107px\" \/><\/p>\n","protected":false},"excerpt":{"rendered":"<p>Le minist\u00e8re de l\u2019Environnement, de l\u2019Energie et de la Mer a reconnu la Communaut\u00e9 des communes Sauer-Pechelbronn comme territoire \u00e0 \u00e9nergie positive pour la croissance verte (TEPCV). Un certain nombre d\u2019actions et d\u2019investissements communaux et intercommunaux peuvent de ce fait profiter d\u2019un subventionnement particulier. La commune de Lembach est concern\u00e9e par l\u2019\u00e9clairage public et l\u2019achat &hellip; <\/p>\n<p><a class=\"more-link btn\" href=\"https:\/\/www.lembach.fr\/mairie\/2017\/03\/13\/lembach-territoire-a-energie-positive-pour-la-croissance-verte\/\">Lire la suite<\/a><\/p>\n","protected":false},"author":1,"featured_media":0,"comment_status":"closed","ping_status":"closed","sticky":false,"template":"","format":"standard","meta":{"footnotes":""},"categories":[12],"tags":[],"class_list":["post-4410","post","type-post","status-publish","format-standard","hentry","category-informations","item-wrap"],"_links":{"self":[{"href":"https:\/\/www.lembach.fr\/mairie\/wp-json\/wp\/v2\/posts\/4410","targetHints":{"allow":["GET"]}}],"collection":[{"href":"https:\/\/www.lembach.fr\/mairie\/wp-json\/wp\/v2\/posts"}],"about":[{"href":"https:\/\/www.lembach.fr\/mairie\/wp-json\/wp\/v2\/types\/post"}],"author":[{"embeddable":true,"href":"https:\/\/www.lembach.fr\/mairie\/wp-json\/wp\/v2\/users\/1"}],"replies":[{"embeddable":true,"href":"https:\/\/www.lembach.fr\/mairie\/wp-json\/wp\/v2\/comments?post=4410"}],"version-history":[{"count":0,"href":"https:\/\/www.lembach.fr\/mairie\/wp-json\/wp\/v2\/posts\/4410\/revisions"}],"wp:attachment":[{"href":"https:\/\/www.lembach.fr\/mairie\/wp-json\/wp\/v2\/media?parent=4410"}],"wp:term":[{"taxonomy":"category","embeddable":true,"href":"https:\/\/www.lembach.fr\/mairie\/wp-json\/wp\/v2\/categories?post=4410"},{"taxonomy":"post_tag","embeddable":true,"href":"https:\/\/www.lembach.fr\/mairie\/wp-json\/wp\/v2\/tags?post=4410"}],"curies":[{"name":"wp","href":"https:\/\/api.w.org\/{rel}","templated":true}]}}