{"id":4373,"date":"2017-01-27T21:41:50","date_gmt":"2017-01-27T20:41:50","guid":{"rendered":"http:\/\/www.lembach.fr\/mairie\/?p=4373"},"modified":"2017-01-27T21:43:03","modified_gmt":"2017-01-27T20:43:03","slug":"projet-damenagement-numerique-du-territoire-tres-haut-debit","status":"publish","type":"post","link":"https:\/\/www.lembach.fr\/mairie\/2017\/01\/27\/projet-damenagement-numerique-du-territoire-tres-haut-debit\/","title":{"rendered":"Projet d&rsquo;am\u00e9nagement num\u00e9rique du territoire (Tr\u00e8s Haut D\u00e9bit)"},"content":{"rendered":"<h1>Les travaux commenceront en 2017 dans le sud du territoire et \u00e0 partir de 2019 \u00e0 Lembach. La fin des travaux est pr\u00e9vue en 2020.<\/h1>\n<p>Des \u00e9quipements (sous-r\u00e9partiteurs seront implant\u00e9s pr\u00e8s de l&rsquo;atelier communal route de Woerth et pr\u00e8s du central t\u00e9l\u00e9phonique route de Bitche.<\/p>\n<p>C&rsquo;est la soci\u00e9t\u00e9 \u00ab\u00a0Rosace\u00a0\u00bb qui sera charg\u00e9e des travaux d&rsquo;enfouissement et de la mise en place des r\u00e9seaux optiques ainsi que des raccordements aux particuliers. Les fournisseurs d&rsquo;acc\u00e8s auront ensuite la possibilit\u00e9 de louer ces r\u00e9seaux afin de proposer leurs services aux utilisateurs finaux.<\/p>\n<p>Le tr\u00e8s haut d\u00e9bit par la fibre optique pour nos contr\u00e9es recul\u00e9es est donc pour \u00ab\u00a0demain\u00a0\u00bb gr\u00e2ce \u00e0 la volont\u00e9 des \u00e9lus \u00e0 la Communaut\u00e9 des Communes Sauer-Pechelbronn, les gros op\u00e9rateurs historiques ne se sentant pas vraiment concern\u00e9s quand il s&rsquo;agit d&rsquo;investir dans les zones rurales peu denses et sans grands retours sur investissement.<\/p>\n<p><img loading=\"lazy\" decoding=\"async\" class=\"aligncenter size-full wp-image-4374\" src=\"http:\/\/www.lembach.fr\/mairie\/wp-content\/uploads\/2017\/01\/fibre-optique.jpg\" alt=\"\" width=\"524\" height=\"354\" srcset=\"https:\/\/www.lembach.fr\/mairie\/wp-content\/uploads\/2017\/01\/fibre-optique.jpg 524w, https:\/\/www.lembach.fr\/mairie\/wp-content\/uploads\/2017\/01\/fibre-optique-300x203.jpg 300w\" sizes=\"auto, (max-width: 524px) 100vw, 524px\" \/><\/p>\n","protected":false},"excerpt":{"rendered":"<p>Les travaux commenceront en 2017 dans le sud du territoire et \u00e0 partir de 2019 \u00e0 Lembach. La fin des travaux est pr\u00e9vue en 2020. Des \u00e9quipements (sous-r\u00e9partiteurs seront implant\u00e9s pr\u00e8s de l&rsquo;atelier communal route de Woerth et pr\u00e8s du central t\u00e9l\u00e9phonique route de Bitche. C&rsquo;est la soci\u00e9t\u00e9 \u00ab\u00a0Rosace\u00a0\u00bb qui sera charg\u00e9e des travaux d&rsquo;enfouissement &hellip; <\/p>\n<p><a class=\"more-link btn\" href=\"https:\/\/www.lembach.fr\/mairie\/2017\/01\/27\/projet-damenagement-numerique-du-territoire-tres-haut-debit\/\">Lire la suite<\/a><\/p>\n","protected":false},"author":1,"featured_media":0,"comment_status":"closed","ping_status":"closed","sticky":false,"template":"","format":"standard","meta":{"footnotes":""},"categories":[16],"tags":[],"class_list":["post-4373","post","type-post","status-publish","format-standard","hentry","category-technologie","item-wrap"],"_links":{"self":[{"href":"https:\/\/www.lembach.fr\/mairie\/wp-json\/wp\/v2\/posts\/4373","targetHints":{"allow":["GET"]}}],"collection":[{"href":"https:\/\/www.lembach.fr\/mairie\/wp-json\/wp\/v2\/posts"}],"about":[{"href":"https:\/\/www.lembach.fr\/mairie\/wp-json\/wp\/v2\/types\/post"}],"author":[{"embeddable":true,"href":"https:\/\/www.lembach.fr\/mairie\/wp-json\/wp\/v2\/users\/1"}],"replies":[{"embeddable":true,"href":"https:\/\/www.lembach.fr\/mairie\/wp-json\/wp\/v2\/comments?post=4373"}],"version-history":[{"count":0,"href":"https:\/\/www.lembach.fr\/mairie\/wp-json\/wp\/v2\/posts\/4373\/revisions"}],"wp:attachment":[{"href":"https:\/\/www.lembach.fr\/mairie\/wp-json\/wp\/v2\/media?parent=4373"}],"wp:term":[{"taxonomy":"category","embeddable":true,"href":"https:\/\/www.lembach.fr\/mairie\/wp-json\/wp\/v2\/categories?post=4373"},{"taxonomy":"post_tag","embeddable":true,"href":"https:\/\/www.lembach.fr\/mairie\/wp-json\/wp\/v2\/tags?post=4373"}],"curies":[{"name":"wp","href":"https:\/\/api.w.org\/{rel}","templated":true}]}}