{"id":3674,"date":"2016-03-21T16:53:36","date_gmt":"2016-03-21T15:53:36","guid":{"rendered":"http:\/\/www.lembach.fr\/mairie\/?p=3674"},"modified":"2016-03-21T16:53:36","modified_gmt":"2016-03-21T15:53:36","slug":"refugies","status":"publish","type":"post","link":"https:\/\/www.lembach.fr\/mairie\/2016\/03\/21\/refugies\/","title":{"rendered":"R\u00e9fugi\u00e9s"},"content":{"rendered":"<p>Le conseil municipal de Lembach avait d\u00e9cid\u00e9 le 6 octobre 2015 \u00e0 l\u2019unanimit\u00e9 d\u2019accueillir une famille de r\u00e9fugi\u00e9s syriens dans le grand logement vide de l\u2019\u00e9cole. Les contacts avaient \u00e9t\u00e9 pris pr\u00e9alablement avec le sous-pr\u00e9fet coordonnateur charg\u00e9 par le pr\u00e9fet de solliciter les communes volontaires pour \u00a0l\u2019accueil de r\u00e9fugi\u00e9s.<\/p>\n<p>Comme on nous avait promis l\u2019arriv\u00e9e d\u2019une famille avant la fin de l\u2019ann\u00e9e, les pr\u00e9paratifs ont d\u00e9marr\u00e9 en novembre. L\u2019appartement a \u00e9t\u00e9 meubl\u00e9 avec la complicit\u00e9 d\u2019une dizaine de membres de l\u2019association \u00ab<em>\u00a0Les charbonniers du Fleckenstein<\/em>\u00a0\u00bb. Un commerce de la r\u00e9gion a offert une machine \u00e0 laver, d\u2019autres dons (meubles, literie) ont \u00e9t\u00e9 faits par des habitants du village.<\/p>\n<p>Courant d\u00e9cembre, nous apprenons qu\u2019aucune famille n\u2019est pr\u00e9vue pour Lembach, qu\u2019il faut attendre janvier. Une relance est faite en janvier. La r\u00e9ponse de l\u2019administration\u00a0: ce sera pour f\u00e9vrier\u00a0! \u00a0Nous sommes au mois de mars et le logement est toujours vide. Nos amis de la <em>Verbandsgemeinde<\/em> de <em>Dahn<\/em> ont accueilli quant \u00e0 eux 187 r\u00e9fugi\u00e9s depuis le d\u00e9but de l\u2019ann\u00e9e 2015\u00a0!<\/p>\n<p>Le gouvernement s\u2019est engag\u00e9 \u00e0 accueillir en deux ans 30\u00a0000 r\u00e9fugi\u00e9s du contingent allemand. Fin 2015, seuls 150 \u00e9taient arriv\u00e9s sur le sol fran\u00e7ais\u00a0! Il y a donc comme un probl\u00e8me. R\u00e9cemment le premier ministre en visite \u00e0 Berlin avait \u00e9voqu\u00e9 la chose en laissant entendre que le plan allemand n\u2019\u00e9tait pas tenable. Apparemment, ces derniers jours, le pr\u00e9sident de la r\u00e9publique et la chanceli\u00e8re allemande ont \u00e9voqu\u00e9 une nouvelle fois ce dossier, Fran\u00e7ois Hollande s\u2019engageant \u00e0 ce que les 30\u00a0000 r\u00e9fugi\u00e9s soient accueillis en France. Qui croire\u00a0? La Gr\u00e8ce pendant ce temps ne sait plus quoi faire des familles syriennes, Lembach n\u2019en attend qu\u2019une\u2026 Que\u00a0 comprendre\u00a0?<\/p>\n<p style=\"text-align: right;\">Charles Schlosser<\/p>\n<p style=\"text-align: center;\"><img loading=\"lazy\" decoding=\"async\" class=\"aligncenter size-full wp-image-3675\" src=\"http:\/\/www.lembach.fr\/mairie\/wp-content\/uploads\/2016\/03\/refugies.gif\" alt=\"refugies\" width=\"640\" height=\"345\" \/><\/p>\n","protected":false},"excerpt":{"rendered":"<p>Le conseil municipal de Lembach avait d\u00e9cid\u00e9 le 6 octobre 2015 \u00e0 l\u2019unanimit\u00e9 d\u2019accueillir une famille de r\u00e9fugi\u00e9s syriens dans le grand logement vide de l\u2019\u00e9cole. Les contacts avaient \u00e9t\u00e9 pris pr\u00e9alablement avec le sous-pr\u00e9fet coordonnateur charg\u00e9 par le pr\u00e9fet de solliciter les communes volontaires pour \u00a0l\u2019accueil de r\u00e9fugi\u00e9s. Comme on nous avait promis l\u2019arriv\u00e9e &hellip; <\/p>\n<p><a class=\"more-link btn\" href=\"https:\/\/www.lembach.fr\/mairie\/2016\/03\/21\/refugies\/\">Lire la suite<\/a><\/p>\n","protected":false},"author":1,"featured_media":0,"comment_status":"closed","ping_status":"closed","sticky":false,"template":"","format":"standard","meta":{"footnotes":""},"categories":[12],"tags":[],"class_list":["post-3674","post","type-post","status-publish","format-standard","hentry","category-informations","item-wrap"],"_links":{"self":[{"href":"https:\/\/www.lembach.fr\/mairie\/wp-json\/wp\/v2\/posts\/3674","targetHints":{"allow":["GET"]}}],"collection":[{"href":"https:\/\/www.lembach.fr\/mairie\/wp-json\/wp\/v2\/posts"}],"about":[{"href":"https:\/\/www.lembach.fr\/mairie\/wp-json\/wp\/v2\/types\/post"}],"author":[{"embeddable":true,"href":"https:\/\/www.lembach.fr\/mairie\/wp-json\/wp\/v2\/users\/1"}],"replies":[{"embeddable":true,"href":"https:\/\/www.lembach.fr\/mairie\/wp-json\/wp\/v2\/comments?post=3674"}],"version-history":[{"count":0,"href":"https:\/\/www.lembach.fr\/mairie\/wp-json\/wp\/v2\/posts\/3674\/revisions"}],"wp:attachment":[{"href":"https:\/\/www.lembach.fr\/mairie\/wp-json\/wp\/v2\/media?parent=3674"}],"wp:term":[{"taxonomy":"category","embeddable":true,"href":"https:\/\/www.lembach.fr\/mairie\/wp-json\/wp\/v2\/categories?post=3674"},{"taxonomy":"post_tag","embeddable":true,"href":"https:\/\/www.lembach.fr\/mairie\/wp-json\/wp\/v2\/tags?post=3674"}],"curies":[{"name":"wp","href":"https:\/\/api.w.org\/{rel}","templated":true}]}}