{"id":3647,"date":"2016-03-04T11:16:27","date_gmt":"2016-03-04T10:16:27","guid":{"rendered":"http:\/\/www.lembach.fr\/mairie\/?p=3647"},"modified":"2016-04-07T08:54:18","modified_gmt":"2016-04-07T07:54:18","slug":"un-projet-de-reintroduction-de-lynx-dans-le-pfalzerwald","status":"publish","type":"post","link":"https:\/\/www.lembach.fr\/mairie\/2016\/03\/04\/un-projet-de-reintroduction-de-lynx-dans-le-pfalzerwald\/","title":{"rendered":"Un projet de r\u00e9introduction de Lynx dans le Pf\u00e4lzerwald"},"content":{"rendered":"<p>Un projet de r\u00e9introduction de lynx est actuellement en cours dans la partie allemande de la R\u00e9serve de Biosph\u00e8re Transfrontali\u00e8re Vosges du Nord\/Pf\u00e4lzerwald. Au printemps 2016, les premiers lynx devraient \u00eatre r\u00e9introduits dans la for\u00eat du Palatinat (Pf\u00e4lzerwald), massif forestier qui prolonge les Vosges du Nord c\u00f4t\u00e9 allemand. La Fondation pour la Nature et l&rsquo;Environnement de Rh\u00e9nanie-Palatinat est le porteur de ce projet europ\u00e9en Life, qui a d\u00e9but\u00e9 au 1er janvier 2015 et qui sera mis en \u0153uvre sur 6 ann\u00e9es (2015-2020). Le projet b\u00e9n\u00e9ficie du soutien de nombreux partenaires en Rh\u00e9nanie-Palatinat, tels que le Minist\u00e8re de l&rsquo;environnement, l&rsquo;Office des For\u00eats du Land, la F\u00e9d\u00e9ration des Chasseurs, de m\u00eame que de la F\u00e9d\u00e9rations d&rsquo;\u00e9leveurs d&rsquo;ovins et de caprins. Le SYCOPARC est le partenaire fran\u00e7ais du projet et interviendra dans des actions p\u00e9dagogiques, de sensibilisation et de concertation avec les acteurs locaux.<\/p>\n<p><img loading=\"lazy\" decoding=\"async\" class=\"wp-image-3648 aligncenter\" src=\"http:\/\/www.lembach.fr\/mairie\/wp-content\/uploads\/2016\/03\/Lynx.jpg\" alt=\"Lynx\" width=\"139\" height=\"198\" srcset=\"https:\/\/www.lembach.fr\/mairie\/wp-content\/uploads\/2016\/03\/Lynx.jpg 294w, https:\/\/www.lembach.fr\/mairie\/wp-content\/uploads\/2016\/03\/Lynx-210x300.jpg 210w\" sizes=\"auto, (max-width: 139px) 100vw, 139px\" \/><\/p>\n<p>Le projet Life pr\u00e9voit la r\u00e9introduction de 20 lynx sur une p\u00e9riode de 5 ans. Les animaux proviendront de Suisse et Slovaquie et seront \u00e9quip\u00e9s d&rsquo;un collier \u00e9metteur permettant de suivre leurs d\u00e9placements et de les localiser. A c\u00f4t\u00e9 du l\u00e2cher et du suivi des lynx, de nombreuses actions de communication et de sensibilisation sont r\u00e9alis\u00e9es afin de favoriser l&rsquo;acceptation du f\u00e9lin sur le territoire. Certains de ces lynx ou leurs descendants disperseront \u00e0 court ou moyen terme vers la for\u00eat des Vosges du Nord qui est en contact direct avec le Pf\u00e4lzerwald. Le lynx ne pr\u00e9sente pas de danger pour l&rsquo;homme, aucun cas d&rsquo;attaque n&rsquo;ayant \u00e9t\u00e9 recens\u00e9. Il peut cependant, dans de rares cas, s&rsquo;attaquer \u00e0 des ovins, un fonds d&rsquo;indemnisation \u00e9tant pr\u00e9vu \u00e0 cet effet.<\/p>\n<p style=\"text-align: center;\"><img loading=\"lazy\" decoding=\"async\" class=\"alignnone wp-image-3651\" src=\"http:\/\/www.lembach.fr\/mairie\/wp-content\/uploads\/2016\/03\/Logos-Natura-2000-et-Life.png\" alt=\"Logos Natura 2000 et Life\" width=\"237\" height=\"98\" srcset=\"https:\/\/www.lembach.fr\/mairie\/wp-content\/uploads\/2016\/03\/Logos-Natura-2000-et-Life.png 550w, https:\/\/www.lembach.fr\/mairie\/wp-content\/uploads\/2016\/03\/Logos-Natura-2000-et-Life-300x124.png 300w\" sizes=\"auto, (max-width: 237px) 100vw, 237px\" \/><\/p>\n<p>Pour plus d\u2019informations\u00a0:<\/p>\n<p><a href=\"http:\/\/www.luchs-rlp.de\/\"><u>www.luchs-rlp.de<\/u><\/a><\/p>\n<p>Information c\u00f4t\u00e9 fran\u00e7ais sur le projet Life Lynx: Christelle Scheid &#8211; chris_scheid@hotmail.fr<\/p>\n<p>Partenaire fran\u00e7ais du projet Life Lynx : SYCOPARC, Jean-Claude G\u00e9not &#8211; jc.genot@parc-vosges-nord.fr<\/p>\n<p>Personne \u00e0 contacter en cas d\u2019observation de lynx: ONCFS, Marie-Laure Schwoerer -marie-laure.schwoerer@oncfs.gouv.fr<\/p>\n","protected":false},"excerpt":{"rendered":"<p>Un projet de r\u00e9introduction de lynx est actuellement en cours dans la partie allemande de la R\u00e9serve de Biosph\u00e8re Transfrontali\u00e8re Vosges du Nord\/Pf\u00e4lzerwald. Au printemps 2016, les premiers lynx devraient \u00eatre r\u00e9introduits dans la for\u00eat du Palatinat (Pf\u00e4lzerwald), massif forestier qui prolonge les Vosges du Nord c\u00f4t\u00e9 allemand. La Fondation pour la Nature et l&rsquo;Environnement &hellip; <\/p>\n<p><a class=\"more-link btn\" href=\"https:\/\/www.lembach.fr\/mairie\/2016\/03\/04\/un-projet-de-reintroduction-de-lynx-dans-le-pfalzerwald\/\">Lire la suite<\/a><\/p>\n","protected":false},"author":1,"featured_media":0,"comment_status":"closed","ping_status":"closed","sticky":false,"template":"","format":"standard","meta":{"footnotes":""},"categories":[12],"tags":[],"class_list":["post-3647","post","type-post","status-publish","format-standard","hentry","category-informations","item-wrap"],"_links":{"self":[{"href":"https:\/\/www.lembach.fr\/mairie\/wp-json\/wp\/v2\/posts\/3647","targetHints":{"allow":["GET"]}}],"collection":[{"href":"https:\/\/www.lembach.fr\/mairie\/wp-json\/wp\/v2\/posts"}],"about":[{"href":"https:\/\/www.lembach.fr\/mairie\/wp-json\/wp\/v2\/types\/post"}],"author":[{"embeddable":true,"href":"https:\/\/www.lembach.fr\/mairie\/wp-json\/wp\/v2\/users\/1"}],"replies":[{"embeddable":true,"href":"https:\/\/www.lembach.fr\/mairie\/wp-json\/wp\/v2\/comments?post=3647"}],"version-history":[{"count":0,"href":"https:\/\/www.lembach.fr\/mairie\/wp-json\/wp\/v2\/posts\/3647\/revisions"}],"wp:attachment":[{"href":"https:\/\/www.lembach.fr\/mairie\/wp-json\/wp\/v2\/media?parent=3647"}],"wp:term":[{"taxonomy":"category","embeddable":true,"href":"https:\/\/www.lembach.fr\/mairie\/wp-json\/wp\/v2\/categories?post=3647"},{"taxonomy":"post_tag","embeddable":true,"href":"https:\/\/www.lembach.fr\/mairie\/wp-json\/wp\/v2\/tags?post=3647"}],"curies":[{"name":"wp","href":"https:\/\/api.w.org\/{rel}","templated":true}]}}