{"id":3590,"date":"2016-02-18T12:42:44","date_gmt":"2016-02-18T11:42:44","guid":{"rendered":"http:\/\/www.lembach.fr\/mairie\/?p=3590"},"modified":"2016-02-18T12:42:44","modified_gmt":"2016-02-18T11:42:44","slug":"reunion-de-lamicale-des-maires","status":"publish","type":"post","link":"https:\/\/www.lembach.fr\/mairie\/2016\/02\/18\/reunion-de-lamicale-des-maires\/","title":{"rendered":"R\u00e9union de l&rsquo;amicale des maires"},"content":{"rendered":"<h2>Jeudi 4 f\u00e9vrier, une trentaine d\u2019\u00e9lus membres de l\u2019amicale des maires du Pays de la for\u00eat et de la vigne (ex cantons de Wissembourg et Lauterbourg) se sont retrouv\u00e9s \u00e0 Lembach pour une de leurs r\u00e9guli\u00e8res r\u00e9unions d\u2019information, suivie d\u2019une partie r\u00e9cr\u00e9ative.<\/h2>\n<p><strong>DANS LA SALLE DE LA MUSIQUE, <\/strong>le pr\u00e9sident de l\u2019amicale Jean Weisbecker, maire de Wingen, a salu\u00e9 le sous-pr\u00e9fet Jean-Guy Mercan, le d\u00e9put\u00e9 Fr\u00e9d\u00e9ric Reiss et la conseill\u00e8re r\u00e9gionale \u00c9velyne Isinger \u2014 les conseill\u00e8res d\u00e9partementales Nathalie Marajo-Guthmuller (canton de Reichshoffen) et St\u00e9phanie Kochert (canton de Wissembourg) ont rejoint l\u2019assembl\u00e9e au cours de la soir\u00e9e.<\/p>\n<p>H\u00f4te de la soir\u00e9e, le maire de Lembach Charles Schlosser, en pr\u00e9sence du maire d\u00e9l\u00e9gu\u00e9 de Mattstall et assist\u00e9 de l\u2019adjointe Annie Deschler pour la partie vid\u00e9o, a pr\u00e9sent\u00e9 les deux villages. Les \u00e9lus ont ainsi appris que la cit\u00e9 des Charbonniers est la quatri\u00e8me plus vaste commune d\u2019Alsace : 4 100 hectares pour Lembach, 700 pour Mattstall, dont 3 700 de for\u00eat (priv\u00e9e, communale, domaniale). Il a expliqu\u00e9 l\u2019historique du petit village m\u00e9di\u00e9val ayant grandi au fil des si\u00e8cles, a mentionn\u00e9 les trois fleurs de Mattstall, a parl\u00e9 patrimoine (ch\u00e2teaux et ligne Maginot), activit\u00e9 \u00e9conomique et associative, services et valorisation des b\u00e2timents inoccup\u00e9s. Apr\u00e8s le d\u00e9part de la gendarmerie, d\u00e9sormais regroup\u00e9e \u00e0 Woerth, il s\u2019est dit inquiet quant \u00e0 la pr\u00e9sence de m\u00e9decins et du dentiste, ces derniers cherchant des successeurs.<\/p>\n<p><img loading=\"lazy\" decoding=\"async\" class=\"aligncenter size-full wp-image-3591\" style=\"border: 0pt none;\" src=\"http:\/\/www.lembach.fr\/mairie\/wp-content\/uploads\/2016\/02\/amicale_des_maires.jpg\" alt=\"amicale_des_maires\" width=\"543\" height=\"286\" srcset=\"https:\/\/www.lembach.fr\/mairie\/wp-content\/uploads\/2016\/02\/amicale_des_maires.jpg 543w, https:\/\/www.lembach.fr\/mairie\/wp-content\/uploads\/2016\/02\/amicale_des_maires-300x158.jpg 300w\" sizes=\"auto, (max-width: 543px) 100vw, 543px\" \/><\/p>\n<p><strong>Pr\u00e9sentation du nouveau compteur communicant<\/strong><\/p>\n<p>Le directeur adjoint d\u2019\u00c9lectricit\u00e9 de Strasbourg R\u00e9seaux (ESR) Claude Krempp, assist\u00e9 de Jean- Marc Suss, d\u00e9l\u00e9gu\u00e9 aux collectivit\u00e9s, a ensuite pr\u00e9sent\u00e9 \u00e0 l\u2019assembl\u00e9e le futur compteur intelligent Linky, qui sera install\u00e9 chez tous les consommateurs d\u2019\u00e9lectricit\u00e9 d\u2019ici quelques ann\u00e9es (DNA de mercredi). Les intervenants ont d\u00e9taill\u00e9 cette avanc\u00e9e technologique qui offrira de nouveaux services aux usagers et marquera la fin des factures estim\u00e9es (et des \u00e9ventuelles mauvaises surprises en fin d\u2019ann\u00e9e), gr\u00e2ce au \u00ab\u00a0t\u00e9l\u00e9relev\u00e9\u00a0\u00bb au jour le jour des donn\u00e9es, qui seront accessibles via un portail internet garantissant la confidentialit\u00e9.<\/p>\n<p>La technologie CPL (courant porteur en ligne) utilis\u00e9e peut se comparer \u00e0 celle d\u00e9j\u00e0 en place depuis cinquante ans pour piloter le changement de tarif pour les compteurs bleus. Les fr\u00e9quences mises en oeuvre sont bien en dessous de celles \u00e9mises par les t\u00e9l\u00e9commandes et connexions Wifi. Ce mode de transmission utilise le r\u00e9seau \u00e9lectrique entre le compteur et le poste de distribution, et non \u00e0 l\u2019int\u00e9rieur des logements : la dur\u00e9e de la communication se limite \u00e0 quatre \u00e0 cinq secondes par jour. Par contre, le nouveau compteur communicant permet \u00e0 ESR de r\u00e9agir plus vite pour d\u00e9tecter les anomalies de consommation, et d\u2019intervenir rapidement en cas d\u2019incident sur le r\u00e9seau basse tension. Les interventions courantes (relev\u00e9 de consommation, d\u00e9m\u00e9nagement, etc.) seront effectu\u00e9es \u00e0 distance, sans rendez-vous et sans d\u00e9placement. Le client seul pourra d\u00e9cider d\u2019autoriser ou non la communication de ses informations personnelles de consommations, par exemple lors d\u2019une demande d\u2019offre chez un fournisseur concurrent.<\/p>\n<p>Chez ESR, dans le cadre du d\u00e9ploiement massif vers 2018, l\u2019emploi sera pr\u00e9serv\u00e9, et de nouveaux m\u00e9tiers verront le jour pour g\u00e9rer les fonctions nouvelles. L\u2019entreprise a d\u00e9j\u00e0 proc\u00e9d\u00e9 en 2013 \u00e0 l\u2019installation \u00e0 titre exp\u00e9rimental de 1 000 de ces compteurs intelligents dans huit communes rurales et urbaines de la r\u00e9gion.<\/p>\n<p><strong>Les nouvelles mesures de s\u00e9curit\u00e9 antiterroristes<\/strong><\/p>\n<p>Le deuxi\u00e8me chapitre de la soir\u00e9e a \u00e9t\u00e9 ouvert par le capitaine Daniel Ruch, commandant en second de la compagnie de gendarmerie de Wissembourg, assist\u00e9 du gendarme J\u00e9r\u00f4me Ourthe du service de pr\u00e9voyance technique de la malveillance. Les gendarmes ont inform\u00e9 les \u00e9lus sur les risques et directives concernant les actes de terrorisme. Maires et chefs d\u2019\u00e9tablissements scolaires sont les premiers concern\u00e9s, et c\u2019est donc \u00e0 eux de mettre en oeuvre les dispositifs et d\u2019en informer leurs administr\u00e9s.<\/p>\n<p>Comme le soulignera le maire de Cleebourg et pr\u00e9sident de la communaut\u00e9 de communes du Pays de Wissembourg Serge Strappazon, certaines \u00e9coles ont d\u00e9j\u00e0 effectu\u00e9 des exercices de s\u00e9curit\u00e9 civile et de comportement en cas d\u2019attaque terroriste. Et d\u2019autres sont pr\u00e9vus, a confirm\u00e9 le sous-pr\u00e9fet.<\/p>\n<p>Les intervenants, y compris le d\u00e9put\u00e9, ont rappel\u00e9 que la menace impose la vigilance \u00e0 tous, par exemple pour rep\u00e9rer des personnes suspect\u00e9es de radicalisation (changement d\u2019habitudes vestimentaires, d\u2019attitudes, de propos). Ils ont aussi donn\u00e9 des informations sur le comportement d\u2019un kamikaze pr\u00eat \u00e0 entrer en action. Pour limiter l\u2019impact d\u2019un \u00e9ventuel attentat, il s\u2019agit aux abords des \u00e9coles, d\u2019\u00e9viter les attroupements et de g\u00e9rer le stationnement des v\u00e9hicules (voiture pi\u00e9g\u00e9e). Des informations sur les r\u00e9actions \u00e0 avoir en cas d\u2019attaque terroriste sont disponibles sur le site internet <a href=\"http:\/\/www.gouvernement.fr\/reagir-attaque-terroriste\">http:\/\/www.gouvernement.fr\/reagir-attaque-terroriste<\/a> , a-t-il \u00e9t\u00e9 rappel\u00e9.<\/p>\n<p><strong>Rel\u00e8vement du seuil de fermeture de classes<\/strong><\/p>\n<p>Le troisi\u00e8me principal th\u00e8me abord\u00e9 a \u00e9t\u00e9 le rel\u00e8vement du seuil de fermeture de classes, qui met encore davantage en p\u00e9ril les \u00e9coles en milieu rural \u2014 sachant aussi qu\u2019on ne dispose pas des moyens pour financer le transport scolaire en cas de regroupement. Le d\u00e9put\u00e9 Fr\u00e9d\u00e9ric Reiss a rappel\u00e9 qu\u2019il avait interpell\u00e9 \u00e0 ce sujet la ministre Najat Vallaud-Belkacem, qui renvoie la balle aux acad\u00e9mies. Jean Weisbecker a appel\u00e9 les maires \u00e0 rester vigilants, la menace \u00e9tant s\u00e9rieuse dans un Alsace du Nord majoritairement rurale.<\/p>\n<p>Toutes ces informations et interventions s\u2019adressaient avant tout aux maires : \u00e0 eux de les relayer dans leurs communes. Les r\u00e9unions de l\u2019amicale ayant aussi leurs traditions, la soir\u00e9e s\u2019est termin\u00e9e comme d\u2019usage par un repas en compagnie des conjoints et des anciens \u00e9lus. Les convives se sont ainsi retrouv\u00e9s donc au club-house du stade, o\u00f9 ils ont pu d\u00e9couvrir ce nouvel \u00e9quipement et partager en toute convivialit\u00e9 un excellent couscous servi par des membres du conseil municipal de Lembach.<\/p>\n<p style=\"text-align: right;\">Hubert KETTERING<\/p>\n","protected":false},"excerpt":{"rendered":"<p>Jeudi 4 f\u00e9vrier, une trentaine d\u2019\u00e9lus membres de l\u2019amicale des maires du Pays de la for\u00eat et de la vigne (ex cantons de Wissembourg et Lauterbourg) se sont retrouv\u00e9s \u00e0 Lembach pour une de leurs r\u00e9guli\u00e8res r\u00e9unions d\u2019information, suivie d\u2019une partie r\u00e9cr\u00e9ative. DANS LA SALLE DE LA MUSIQUE, le pr\u00e9sident de l\u2019amicale Jean Weisbecker, maire &hellip; <\/p>\n<p><a class=\"more-link btn\" href=\"https:\/\/www.lembach.fr\/mairie\/2016\/02\/18\/reunion-de-lamicale-des-maires\/\">Lire la suite<\/a><\/p>\n","protected":false},"author":1,"featured_media":0,"comment_status":"closed","ping_status":"closed","sticky":false,"template":"","format":"standard","meta":{"footnotes":""},"categories":[15],"tags":[],"class_list":["post-3590","post","type-post","status-publish","format-standard","hentry","category-conferences","item-wrap"],"_links":{"self":[{"href":"https:\/\/www.lembach.fr\/mairie\/wp-json\/wp\/v2\/posts\/3590","targetHints":{"allow":["GET"]}}],"collection":[{"href":"https:\/\/www.lembach.fr\/mairie\/wp-json\/wp\/v2\/posts"}],"about":[{"href":"https:\/\/www.lembach.fr\/mairie\/wp-json\/wp\/v2\/types\/post"}],"author":[{"embeddable":true,"href":"https:\/\/www.lembach.fr\/mairie\/wp-json\/wp\/v2\/users\/1"}],"replies":[{"embeddable":true,"href":"https:\/\/www.lembach.fr\/mairie\/wp-json\/wp\/v2\/comments?post=3590"}],"version-history":[{"count":0,"href":"https:\/\/www.lembach.fr\/mairie\/wp-json\/wp\/v2\/posts\/3590\/revisions"}],"wp:attachment":[{"href":"https:\/\/www.lembach.fr\/mairie\/wp-json\/wp\/v2\/media?parent=3590"}],"wp:term":[{"taxonomy":"category","embeddable":true,"href":"https:\/\/www.lembach.fr\/mairie\/wp-json\/wp\/v2\/categories?post=3590"},{"taxonomy":"post_tag","embeddable":true,"href":"https:\/\/www.lembach.fr\/mairie\/wp-json\/wp\/v2\/tags?post=3590"}],"curies":[{"name":"wp","href":"https:\/\/api.w.org\/{rel}","templated":true}]}}