{"id":3562,"date":"2016-02-09T13:24:39","date_gmt":"2016-02-09T12:24:39","guid":{"rendered":"http:\/\/www.lembach.fr\/mairie\/?p=3562"},"modified":"2016-02-09T15:50:45","modified_gmt":"2016-02-09T14:50:45","slug":"emploi-recherche-davs","status":"publish","type":"post","link":"https:\/\/www.lembach.fr\/mairie\/2016\/02\/09\/emploi-recherche-davs\/","title":{"rendered":"Emploi : recherche d&rsquo;AVS"},"content":{"rendered":"<p>Le Directeur Acad\u00e9mique des services de l&rsquo;\u00c9ducation Nationale propose un poste d\u2019auxiliaire de vie scolaire pour accompagner une fillette \u00e0 l\u2019\u00e9cole maternelle de Lembach.<\/p>\n<p>Il s\u2019agit d\u2019un poste \u00e0 <strong>mi-temps mutualis\u00e9<\/strong>\u00a0: le poste est \u00e0 plein temps (24h\/semaine sur 39 semaines) mais avec une implantation sur deux \u00e9tablissements scolaires diff\u00e9rents pour l&rsquo;accompagnement de deux \u00e9l\u00e8ves.<\/p>\n<p>Pour plus d\u2019informations, s\u2019adresser au<em><strong> P\u00f4le Emploi \u00e0 Wissembourg<\/strong><\/em> (t\u00e9l : <em><strong>39 49<\/strong><\/em>) ou sur le site <strong>ASH67<\/strong> (<span style=\"text-decoration: underline;\"><strong><a href=\"http:\/\/www.circ-ienash67.ac-strasbourg.fr\/\" target=\"_blank\">http:\/\/www.circ-ienash67.ac-strasbourg.fr\/<\/a><\/strong><\/span>), onglet \u00ab AVS &#8211; recrutement \u00bb.<\/p>\n<p><img loading=\"lazy\" decoding=\"async\" class=\"aligncenter size-full wp-image-3563\" style=\"border: 0pt none;\" src=\"http:\/\/www.lembach.fr\/mairie\/wp-content\/uploads\/2016\/02\/avs.jpg\" alt=\"avs\" width=\"167\" height=\"167\" srcset=\"https:\/\/www.lembach.fr\/mairie\/wp-content\/uploads\/2016\/02\/avs.jpg 167w, https:\/\/www.lembach.fr\/mairie\/wp-content\/uploads\/2016\/02\/avs-150x150.jpg 150w\" sizes=\"auto, (max-width: 167px) 100vw, 167px\" \/><\/p>\n","protected":false},"excerpt":{"rendered":"<p>Le Directeur Acad\u00e9mique des services de l&rsquo;\u00c9ducation Nationale propose un poste d\u2019auxiliaire de vie scolaire pour accompagner une fillette \u00e0 l\u2019\u00e9cole maternelle de Lembach. Il s\u2019agit d\u2019un poste \u00e0 mi-temps mutualis\u00e9\u00a0: le poste est \u00e0 plein temps (24h\/semaine sur 39 semaines) mais avec une implantation sur deux \u00e9tablissements scolaires diff\u00e9rents pour l&rsquo;accompagnement de deux \u00e9l\u00e8ves. &hellip; <\/p>\n<p><a class=\"more-link btn\" href=\"https:\/\/www.lembach.fr\/mairie\/2016\/02\/09\/emploi-recherche-davs\/\">Lire la suite<\/a><\/p>\n","protected":false},"author":1,"featured_media":0,"comment_status":"closed","ping_status":"closed","sticky":false,"template":"","format":"standard","meta":{"footnotes":""},"categories":[12],"tags":[],"class_list":["post-3562","post","type-post","status-publish","format-standard","hentry","category-informations","item-wrap"],"_links":{"self":[{"href":"https:\/\/www.lembach.fr\/mairie\/wp-json\/wp\/v2\/posts\/3562","targetHints":{"allow":["GET"]}}],"collection":[{"href":"https:\/\/www.lembach.fr\/mairie\/wp-json\/wp\/v2\/posts"}],"about":[{"href":"https:\/\/www.lembach.fr\/mairie\/wp-json\/wp\/v2\/types\/post"}],"author":[{"embeddable":true,"href":"https:\/\/www.lembach.fr\/mairie\/wp-json\/wp\/v2\/users\/1"}],"replies":[{"embeddable":true,"href":"https:\/\/www.lembach.fr\/mairie\/wp-json\/wp\/v2\/comments?post=3562"}],"version-history":[{"count":0,"href":"https:\/\/www.lembach.fr\/mairie\/wp-json\/wp\/v2\/posts\/3562\/revisions"}],"wp:attachment":[{"href":"https:\/\/www.lembach.fr\/mairie\/wp-json\/wp\/v2\/media?parent=3562"}],"wp:term":[{"taxonomy":"category","embeddable":true,"href":"https:\/\/www.lembach.fr\/mairie\/wp-json\/wp\/v2\/categories?post=3562"},{"taxonomy":"post_tag","embeddable":true,"href":"https:\/\/www.lembach.fr\/mairie\/wp-json\/wp\/v2\/tags?post=3562"}],"curies":[{"name":"wp","href":"https:\/\/api.w.org\/{rel}","templated":true}]}}