{"id":3533,"date":"2016-02-07T06:44:29","date_gmt":"2016-02-07T05:44:29","guid":{"rendered":"http:\/\/www.lembach.fr\/mairie\/?p=3533"},"modified":"2016-02-09T15:50:58","modified_gmt":"2016-02-09T14:50:58","slug":"accession-a-la-propriete","status":"publish","type":"post","link":"https:\/\/www.lembach.fr\/mairie\/2016\/02\/07\/accession-a-la-propriete\/","title":{"rendered":"Accession \u00e0 la propri\u00e9t\u00e9"},"content":{"rendered":"<p><img loading=\"lazy\" decoding=\"async\" class=\"aligncenter size-full wp-image-3554\" style=\"border: 0pt none;\" src=\"http:\/\/www.lembach.fr\/mairie\/wp-content\/uploads\/2016\/02\/adil.jpg\" alt=\"adil\" width=\"621\" height=\"106\" srcset=\"https:\/\/www.lembach.fr\/mairie\/wp-content\/uploads\/2016\/02\/adil.jpg 621w, https:\/\/www.lembach.fr\/mairie\/wp-content\/uploads\/2016\/02\/adil-300x51.jpg 300w\" sizes=\"auto, (max-width: 621px) 100vw, 621px\" \/><\/p>\n<p>L\u2019ADIL 67 (Agence d\u00e9partementale d\u2019information sur le logement du Bas-Rhin) dispose de tous les \u00e9l\u00e9ments pour conseiller utilement les candidats \u00e0 l\u2019accession. Sp\u00e9cialistes du droit et du financement du logement, les conseillers-juristes de l\u2019ADIL 67 \u00e9tablissent avec les futurs acqu\u00e9reurs un diagnostic personnalis\u00e9 de leur projet et r\u00e9alisent \u00e0 leur demande plusieurs simulations financi\u00e8res pour les aider \u00e0 d\u00e9terminer l\u2019op\u00e9ration la mieux adapt\u00e9e \u00e0 leur situation.<\/p>\n<p style=\"text-align: center;\"><a href=\"http:\/\/www.lembach.fr\/mairie\/wp-content\/uploads\/2016\/02\/COMMUNIQUE-ADIL-67-ACCESSION-propri\u00e9t\u00e9-2016.pdf\">Plus d&rsquo;informations<\/a><\/p>\n","protected":false},"excerpt":{"rendered":"<p>L\u2019ADIL 67 (Agence d\u00e9partementale d\u2019information sur le logement du Bas-Rhin) dispose de tous les \u00e9l\u00e9ments pour conseiller utilement les candidats \u00e0 l\u2019accession. Sp\u00e9cialistes du droit et du financement du logement, les conseillers-juristes de l\u2019ADIL 67 \u00e9tablissent avec les futurs acqu\u00e9reurs un diagnostic personnalis\u00e9 de leur projet et r\u00e9alisent \u00e0 leur demande plusieurs simulations financi\u00e8res pour &hellip; <\/p>\n<p><a class=\"more-link btn\" href=\"https:\/\/www.lembach.fr\/mairie\/2016\/02\/07\/accession-a-la-propriete\/\">Lire la suite<\/a><\/p>\n","protected":false},"author":1,"featured_media":0,"comment_status":"closed","ping_status":"closed","sticky":false,"template":"","format":"standard","meta":{"footnotes":""},"categories":[12],"tags":[],"class_list":["post-3533","post","type-post","status-publish","format-standard","hentry","category-informations","item-wrap"],"_links":{"self":[{"href":"https:\/\/www.lembach.fr\/mairie\/wp-json\/wp\/v2\/posts\/3533","targetHints":{"allow":["GET"]}}],"collection":[{"href":"https:\/\/www.lembach.fr\/mairie\/wp-json\/wp\/v2\/posts"}],"about":[{"href":"https:\/\/www.lembach.fr\/mairie\/wp-json\/wp\/v2\/types\/post"}],"author":[{"embeddable":true,"href":"https:\/\/www.lembach.fr\/mairie\/wp-json\/wp\/v2\/users\/1"}],"replies":[{"embeddable":true,"href":"https:\/\/www.lembach.fr\/mairie\/wp-json\/wp\/v2\/comments?post=3533"}],"version-history":[{"count":0,"href":"https:\/\/www.lembach.fr\/mairie\/wp-json\/wp\/v2\/posts\/3533\/revisions"}],"wp:attachment":[{"href":"https:\/\/www.lembach.fr\/mairie\/wp-json\/wp\/v2\/media?parent=3533"}],"wp:term":[{"taxonomy":"category","embeddable":true,"href":"https:\/\/www.lembach.fr\/mairie\/wp-json\/wp\/v2\/categories?post=3533"},{"taxonomy":"post_tag","embeddable":true,"href":"https:\/\/www.lembach.fr\/mairie\/wp-json\/wp\/v2\/tags?post=3533"}],"curies":[{"name":"wp","href":"https:\/\/api.w.org\/{rel}","templated":true}]}}