{"id":3400,"date":"2015-11-05T11:06:54","date_gmt":"2015-11-05T10:06:54","guid":{"rendered":"http:\/\/www.lembach.fr\/mairie\/?p=3400"},"modified":"2016-02-09T13:15:21","modified_gmt":"2016-02-09T12:15:21","slug":"facture-deau-potable","status":"publish","type":"post","link":"https:\/\/www.lembach.fr\/mairie\/2015\/11\/05\/facture-deau-potable\/","title":{"rendered":"Facture d&rsquo;eau potable"},"content":{"rendered":"<p>Suite \u00e0 une erreur apparue sur les factures, les administr\u00e9s voudront tenir compte des rectificatifs suivants\u00a0:<\/p>\n<ul>\n<li>les factures sont \u00e0 r\u00e9gler pour le <em><strong>30 novembre 2015 \u00e0 l\u2019attention du Tr\u00e9sor Public\u00a0 (BP 70040 \u2013 67161 Wissembourg)<\/strong><\/em><\/li>\n<li>les paiements par pr\u00e9l\u00e8vements bancaires interviendront le<em><strong> 5 d\u00e9cembre 2015<\/strong><\/em>.<\/li>\n<\/ul>\n<p>Merci de votre compr\u00e9hension.<\/p>\n<p><img loading=\"lazy\" decoding=\"async\" class=\"aligncenter size-full wp-image-456\" src=\"http:\/\/www.lembach.fr\/mairie\/wp-content\/uploads\/2012\/05\/robinet.jpg\" alt=\"robinet\" width=\"180\" height=\"200\" \/><\/p>\n","protected":false},"excerpt":{"rendered":"<p>Suite \u00e0 une erreur apparue sur les factures, les administr\u00e9s voudront tenir compte des rectificatifs suivants\u00a0: les factures sont \u00e0 r\u00e9gler pour le 30 novembre 2015 \u00e0 l\u2019attention du Tr\u00e9sor Public\u00a0 (BP 70040 \u2013 67161 Wissembourg) les paiements par pr\u00e9l\u00e8vements bancaires interviendront le 5 d\u00e9cembre 2015. Merci de votre compr\u00e9hension.<\/p>\n","protected":false},"author":1,"featured_media":0,"comment_status":"closed","ping_status":"closed","sticky":false,"template":"","format":"standard","meta":{"footnotes":""},"categories":[14],"tags":[],"class_list":["post-3400","post","type-post","status-publish","format-standard","hentry","category-administratif","item-wrap"],"_links":{"self":[{"href":"https:\/\/www.lembach.fr\/mairie\/wp-json\/wp\/v2\/posts\/3400","targetHints":{"allow":["GET"]}}],"collection":[{"href":"https:\/\/www.lembach.fr\/mairie\/wp-json\/wp\/v2\/posts"}],"about":[{"href":"https:\/\/www.lembach.fr\/mairie\/wp-json\/wp\/v2\/types\/post"}],"author":[{"embeddable":true,"href":"https:\/\/www.lembach.fr\/mairie\/wp-json\/wp\/v2\/users\/1"}],"replies":[{"embeddable":true,"href":"https:\/\/www.lembach.fr\/mairie\/wp-json\/wp\/v2\/comments?post=3400"}],"version-history":[{"count":0,"href":"https:\/\/www.lembach.fr\/mairie\/wp-json\/wp\/v2\/posts\/3400\/revisions"}],"wp:attachment":[{"href":"https:\/\/www.lembach.fr\/mairie\/wp-json\/wp\/v2\/media?parent=3400"}],"wp:term":[{"taxonomy":"category","embeddable":true,"href":"https:\/\/www.lembach.fr\/mairie\/wp-json\/wp\/v2\/categories?post=3400"},{"taxonomy":"post_tag","embeddable":true,"href":"https:\/\/www.lembach.fr\/mairie\/wp-json\/wp\/v2\/tags?post=3400"}],"curies":[{"name":"wp","href":"https:\/\/api.w.org\/{rel}","templated":true}]}}