{"id":3396,"date":"2015-11-06T08:00:47","date_gmt":"2015-11-06T07:00:47","guid":{"rendered":"http:\/\/www.lembach.fr\/mairie\/?p=3396"},"modified":"2015-11-06T18:21:55","modified_gmt":"2015-11-06T17:21:55","slug":"autorisation-de-taxi-a-ceder","status":"publish","type":"post","link":"https:\/\/www.lembach.fr\/mairie\/2015\/11\/06\/autorisation-de-taxi-a-ceder\/","title":{"rendered":"Autorisation de taxi \u00e0 c\u00e9der"},"content":{"rendered":"<p>La soci\u00e9t\u00e9 qui exploite actuellement une autorisation de taxi \u00e0 Lembach a inform\u00e9 la commune de son souhait de c\u00e9der cette autorisation.<\/p>\n<p>A l\u2019origine, la commune de Lembach avait pris un arr\u00eat\u00e9 le 22 juin 2009 autorisant la soci\u00e9t\u00e9 AG Taxis S\u00e0RL, sise \u00e0 Haguenau, \u00e0 mettre en circulation et \u00e0 stationner un taxi dans la commune de Lembach.<\/p>\n<p>Cette autorisation a \u00e9t\u00e9 transmise \u00e0 M. Freddi MEY par arr\u00eat\u00e9 municipal du 3 mai 2012. Celui-ci souhaite \u00e0 son tour c\u00e9der son autorisation.<\/p>\n<p>L\u2019autorisation donn\u00e9 par la commune implique pour l\u2019exploitant de :<\/p>\n<p><em><strong>&#8211; signaler son v\u00e9hicule (immatriculation) et pr\u00e9senter le contrat d\u2019assurance<\/strong><\/em><\/p>\n<p><em><strong>&#8211; couvrir l\u2019ensemble du territoire de la commune<\/strong><\/em><\/p>\n<p><em><strong>&#8211; r\u00e9pondre aux demandes de transport, dans la mesure du possible<\/strong><\/em><\/p>\n<p>Toute personne int\u00e9ress\u00e9e, de pr\u00e9f\u00e9rence domicili\u00e9e dans la r\u00e9gion comprise entre Niederbronn-les-Bains, Lembach et Wissembourg, voudra contacter la <strong>mairie de Lembach au 03.88.94.42.84<\/strong> ou par mail <strong><a href=\"mailto:secretariat@lembach.fr\">secretariat@lembach.fr<\/a><\/strong><\/p>\n<p><img loading=\"lazy\" decoding=\"async\" class=\"aligncenter size-full wp-image-3409\" src=\"http:\/\/www.lembach.fr\/mairie\/wp-content\/uploads\/2015\/11\/taxi.jpg\" alt=\"taxi\" width=\"400\" height=\"266\" srcset=\"https:\/\/www.lembach.fr\/mairie\/wp-content\/uploads\/2015\/11\/taxi.jpg 400w, https:\/\/www.lembach.fr\/mairie\/wp-content\/uploads\/2015\/11\/taxi-300x200.jpg 300w\" sizes=\"auto, (max-width: 400px) 100vw, 400px\" \/><\/p>\n","protected":false},"excerpt":{"rendered":"<p>La soci\u00e9t\u00e9 qui exploite actuellement une autorisation de taxi \u00e0 Lembach a inform\u00e9 la commune de son souhait de c\u00e9der cette autorisation. A l\u2019origine, la commune de Lembach avait pris un arr\u00eat\u00e9 le 22 juin 2009 autorisant la soci\u00e9t\u00e9 AG Taxis S\u00e0RL, sise \u00e0 Haguenau, \u00e0 mettre en circulation et \u00e0 stationner un taxi dans &hellip; <\/p>\n<p><a class=\"more-link btn\" href=\"https:\/\/www.lembach.fr\/mairie\/2015\/11\/06\/autorisation-de-taxi-a-ceder\/\">Lire la suite<\/a><\/p>\n","protected":false},"author":1,"featured_media":0,"comment_status":"closed","ping_status":"closed","sticky":false,"template":"","format":"standard","meta":{"footnotes":""},"categories":[12],"tags":[],"class_list":["post-3396","post","type-post","status-publish","format-standard","hentry","category-informations","item-wrap"],"_links":{"self":[{"href":"https:\/\/www.lembach.fr\/mairie\/wp-json\/wp\/v2\/posts\/3396","targetHints":{"allow":["GET"]}}],"collection":[{"href":"https:\/\/www.lembach.fr\/mairie\/wp-json\/wp\/v2\/posts"}],"about":[{"href":"https:\/\/www.lembach.fr\/mairie\/wp-json\/wp\/v2\/types\/post"}],"author":[{"embeddable":true,"href":"https:\/\/www.lembach.fr\/mairie\/wp-json\/wp\/v2\/users\/1"}],"replies":[{"embeddable":true,"href":"https:\/\/www.lembach.fr\/mairie\/wp-json\/wp\/v2\/comments?post=3396"}],"version-history":[{"count":0,"href":"https:\/\/www.lembach.fr\/mairie\/wp-json\/wp\/v2\/posts\/3396\/revisions"}],"wp:attachment":[{"href":"https:\/\/www.lembach.fr\/mairie\/wp-json\/wp\/v2\/media?parent=3396"}],"wp:term":[{"taxonomy":"category","embeddable":true,"href":"https:\/\/www.lembach.fr\/mairie\/wp-json\/wp\/v2\/categories?post=3396"},{"taxonomy":"post_tag","embeddable":true,"href":"https:\/\/www.lembach.fr\/mairie\/wp-json\/wp\/v2\/tags?post=3396"}],"curies":[{"name":"wp","href":"https:\/\/api.w.org\/{rel}","templated":true}]}}