{"id":3391,"date":"2015-11-02T18:27:34","date_gmt":"2015-11-02T17:27:34","guid":{"rendered":"http:\/\/www.lembach.fr\/mairie\/?p=3391"},"modified":"2015-11-02T18:28:42","modified_gmt":"2015-11-02T17:28:42","slug":"une-naissance-a-lembach","status":"publish","type":"post","link":"https:\/\/www.lembach.fr\/mairie\/2015\/11\/02\/une-naissance-a-lembach\/","title":{"rendered":"Une naissance \u00e0 Lembach"},"content":{"rendered":"<h4>La rue de Pfaffenbronn a v\u00e9cu un \u00e9v\u00e8nement qui ne s\u2019\u00e9tait pas produit depuis plus d\u2019un demi-si\u00e8cle :<\/h4>\n<h4><em><strong>Margaux <\/strong><\/em>a vu le jour au domicile de ses parents, <em><strong>Val\u00e9rie et Laurent LALLIER<\/strong><\/em>, le dimanche 25\/10\/2015 \u00e0 12h00.<\/h4>\n<h4>Bienvenue \u00e0 elle et f\u00e9licitations aux heureux parents qui partagent leur joie avec leurs deux filles, Zo\u00e9 et Lisa.<\/h4>\n<h4>La derni\u00e8re naissance \u00e0 <em>LEMBACH<\/em> connue de nos registres est celle de <strong><em>Vincent LOTT<\/em><\/strong> n\u00e9 le 01\/04\/1985 \u00e0 <em>Disteldorf.<\/em><\/h4>\n<p style=\"text-align: center;\"><img loading=\"lazy\" decoding=\"async\" class=\"aligncenter size-full wp-image-3392\" style=\"border: 0pt none;\" src=\"http:\/\/www.lembach.fr\/mairie\/wp-content\/uploads\/2015\/11\/naissance.png\" alt=\"naissance\" width=\"300\" height=\"176\" \/><\/p>\n","protected":false},"excerpt":{"rendered":"<p>La rue de Pfaffenbronn a v\u00e9cu un \u00e9v\u00e8nement qui ne s\u2019\u00e9tait pas produit depuis plus d\u2019un demi-si\u00e8cle : Margaux a vu le jour au domicile de ses parents, Val\u00e9rie et Laurent LALLIER, le dimanche 25\/10\/2015 \u00e0 12h00. Bienvenue \u00e0 elle et f\u00e9licitations aux heureux parents qui partagent leur joie avec leurs deux filles, Zo\u00e9 et &hellip; <\/p>\n<p><a class=\"more-link btn\" href=\"https:\/\/www.lembach.fr\/mairie\/2015\/11\/02\/une-naissance-a-lembach\/\">Lire la suite<\/a><\/p>\n","protected":false},"author":1,"featured_media":0,"comment_status":"closed","ping_status":"closed","sticky":false,"template":"","format":"standard","meta":{"footnotes":""},"categories":[12],"tags":[],"class_list":["post-3391","post","type-post","status-publish","format-standard","hentry","category-informations","item-wrap"],"_links":{"self":[{"href":"https:\/\/www.lembach.fr\/mairie\/wp-json\/wp\/v2\/posts\/3391","targetHints":{"allow":["GET"]}}],"collection":[{"href":"https:\/\/www.lembach.fr\/mairie\/wp-json\/wp\/v2\/posts"}],"about":[{"href":"https:\/\/www.lembach.fr\/mairie\/wp-json\/wp\/v2\/types\/post"}],"author":[{"embeddable":true,"href":"https:\/\/www.lembach.fr\/mairie\/wp-json\/wp\/v2\/users\/1"}],"replies":[{"embeddable":true,"href":"https:\/\/www.lembach.fr\/mairie\/wp-json\/wp\/v2\/comments?post=3391"}],"version-history":[{"count":0,"href":"https:\/\/www.lembach.fr\/mairie\/wp-json\/wp\/v2\/posts\/3391\/revisions"}],"wp:attachment":[{"href":"https:\/\/www.lembach.fr\/mairie\/wp-json\/wp\/v2\/media?parent=3391"}],"wp:term":[{"taxonomy":"category","embeddable":true,"href":"https:\/\/www.lembach.fr\/mairie\/wp-json\/wp\/v2\/categories?post=3391"},{"taxonomy":"post_tag","embeddable":true,"href":"https:\/\/www.lembach.fr\/mairie\/wp-json\/wp\/v2\/tags?post=3391"}],"curies":[{"name":"wp","href":"https:\/\/api.w.org\/{rel}","templated":true}]}}