{"id":3378,"date":"2015-10-31T09:42:21","date_gmt":"2015-10-31T08:42:21","guid":{"rendered":"http:\/\/www.lembach.fr\/mairie\/?p=3378"},"modified":"2015-10-31T09:43:58","modified_gmt":"2015-10-31T08:43:58","slug":"fete-de-la-saint-martin","status":"publish","type":"post","link":"https:\/\/www.lembach.fr\/mairie\/2015\/10\/31\/fete-de-la-saint-martin\/","title":{"rendered":"F\u00eate de la Saint Martin"},"content":{"rendered":"<h2 style=\"text-align: center;\"><div class=\"alert alert-success\" role=\"alert\"><p class=\"printonly\"><strong>Important!<\/strong><\/p>L\u2019\u00e9cole maternelle<br \/>\norganise<br \/>\nla f\u00eate de la Saint-Martin<br \/>\nle <strong>mardi 10 novembre<\/strong><br \/>\nRDV \u00e0 <strong>18h place de la Mairie<\/strong><\/div><\/h2>\n<p>Les enfants commenceront la f\u00eate par des chants puis entameront un d\u00e9fil\u00e9 \u00e0 travers les rues du village pour se rendre dans la cour de l\u2019\u00e9cole. Les enfants seront porteurs de lampions confectionn\u00e9s \u00e0 l\u2019\u00e9cole.<br \/>\n<a href=\"http:\/\/www.lembach.fr\/mairie\/wp-content\/uploads\/2015\/10\/saint_martin_1.jpg\"><img loading=\"lazy\" decoding=\"async\" class=\"aligncenter size-full wp-image-3380\" src=\"http:\/\/www.lembach.fr\/mairie\/wp-content\/uploads\/2015\/10\/saint_martin_1.jpg\" alt=\"saint_martin_1\" width=\"500\" height=\"453\" srcset=\"https:\/\/www.lembach.fr\/mairie\/wp-content\/uploads\/2015\/10\/saint_martin_1.jpg 500w, https:\/\/www.lembach.fr\/mairie\/wp-content\/uploads\/2015\/10\/saint_martin_1-300x272.jpg 300w\" sizes=\"auto, (max-width: 500px) 100vw, 500px\" \/><\/a>\u00c0 l\u2019\u00e9cole, des stands les attendront avec de la petite restauration (soupe, grillades et g\u00e2teaux) et des boissons chaudes le tout mis en place par les parents d\u2019\u00e9l\u00e8ves et les enseignantes de l\u2019\u00e9cole maternelle et un grand feu de joie attirera petits et grands.<\/p>\n<p><img loading=\"lazy\" decoding=\"async\" class=\"aligncenter size-full wp-image-3379\" src=\"http:\/\/www.lembach.fr\/mairie\/wp-content\/uploads\/2015\/10\/saint_martin3.jpg\" alt=\"saint_martin3\" width=\"560\" height=\"272\" srcset=\"https:\/\/www.lembach.fr\/mairie\/wp-content\/uploads\/2015\/10\/saint_martin3.jpg 560w, https:\/\/www.lembach.fr\/mairie\/wp-content\/uploads\/2015\/10\/saint_martin3-300x146.jpg 300w\" sizes=\"auto, (max-width: 560px) 100vw, 560px\" \/><\/p>\n","protected":false},"excerpt":{"rendered":"<p>Les enfants commenceront la f\u00eate par des chants puis entameront un d\u00e9fil\u00e9 \u00e0 travers les rues du village pour se rendre dans la cour de l\u2019\u00e9cole. Les enfants seront porteurs de lampions confectionn\u00e9s \u00e0 l\u2019\u00e9cole. \u00c0 l\u2019\u00e9cole, des stands les attendront avec de la petite restauration (soupe, grillades et g\u00e2teaux) et des boissons chaudes le &hellip; <\/p>\n<p><a class=\"more-link btn\" href=\"https:\/\/www.lembach.fr\/mairie\/2015\/10\/31\/fete-de-la-saint-martin\/\">Lire la suite<\/a><\/p>\n","protected":false},"author":1,"featured_media":0,"comment_status":"closed","ping_status":"closed","sticky":false,"template":"","format":"standard","meta":{"footnotes":""},"categories":[7],"tags":[],"class_list":["post-3378","post","type-post","status-publish","format-standard","hentry","category-manifestations","item-wrap"],"_links":{"self":[{"href":"https:\/\/www.lembach.fr\/mairie\/wp-json\/wp\/v2\/posts\/3378","targetHints":{"allow":["GET"]}}],"collection":[{"href":"https:\/\/www.lembach.fr\/mairie\/wp-json\/wp\/v2\/posts"}],"about":[{"href":"https:\/\/www.lembach.fr\/mairie\/wp-json\/wp\/v2\/types\/post"}],"author":[{"embeddable":true,"href":"https:\/\/www.lembach.fr\/mairie\/wp-json\/wp\/v2\/users\/1"}],"replies":[{"embeddable":true,"href":"https:\/\/www.lembach.fr\/mairie\/wp-json\/wp\/v2\/comments?post=3378"}],"version-history":[{"count":0,"href":"https:\/\/www.lembach.fr\/mairie\/wp-json\/wp\/v2\/posts\/3378\/revisions"}],"wp:attachment":[{"href":"https:\/\/www.lembach.fr\/mairie\/wp-json\/wp\/v2\/media?parent=3378"}],"wp:term":[{"taxonomy":"category","embeddable":true,"href":"https:\/\/www.lembach.fr\/mairie\/wp-json\/wp\/v2\/categories?post=3378"},{"taxonomy":"post_tag","embeddable":true,"href":"https:\/\/www.lembach.fr\/mairie\/wp-json\/wp\/v2\/tags?post=3378"}],"curies":[{"name":"wp","href":"https:\/\/api.w.org\/{rel}","templated":true}]}}