{"id":3366,"date":"2015-10-25T11:35:06","date_gmt":"2015-10-25T10:35:06","guid":{"rendered":"http:\/\/www.lembach.fr\/mairie\/?p=3366"},"modified":"2015-10-30T11:36:21","modified_gmt":"2015-10-30T10:36:21","slug":"programme-aclle","status":"publish","type":"post","link":"https:\/\/www.lembach.fr\/mairie\/2015\/10\/25\/programme-aclle\/","title":{"rendered":"Programme ACLLE"},"content":{"rendered":"<p align=\"justify\">\u00a0<span style=\"color: #000000;\"><span style=\"font-family: Arial,serif;\"><span style=\"font-size: small;\"><u><b>Mardi apr\u00e8s midi, \u00e0 14 heures, \u00e0 la salle de la musique de Lembach<\/b><\/u> :<\/span><\/span><\/span><\/p>\n<p align=\"justify\"><span style=\"color: #000000;\"><span style=\"font-family: Arial,serif;\"><span style=\"font-size: small;\">Tricoter et papoter, pour tous les niveaux, d\u00e9butantes et tricoteuses confirm\u00e9es ! <\/span><\/span><\/span><\/p>\n<p align=\"justify\"><span style=\"color: #000000;\"><span style=\"font-family: Arial,serif;\"><span style=\"font-size: small;\">les <i><b>Mardi 13 octobre, 27 octobre, 10 novembre, 24 novembre et 8 d\u00e9cembre<\/b><\/i> <\/span><\/span><\/span><\/p>\n<p align=\"justify\"><span style=\"color: #000000;\"><span style=\"font-family: Arial,serif;\"><span style=\"font-size: small;\"><u><b>En soir\u00e9e : \u00e0 19 h 30, ateliers cr\u00e9atifs\u00a0<\/b><\/u>:<\/span><\/span><\/span><\/p>\n<p align=\"justify\"><span style=\"color: #000000;\"><span style=\"font-family: Arial,serif;\"><span style=\"font-size: small;\"><i><b>&#8211; Mardi 13 octobre<\/b><\/i> : peinture de bougies<\/span><\/span><\/span><\/p>\n<p align=\"justify\"><span style=\"color: #000000;\"><span style=\"font-family: Arial,serif;\"><span style=\"font-size: small;\"><i><b>&#8211; Mardi 27 octobre<\/b><\/i> : broderie, initiation ou pour brodeuses confirm\u00e9es<\/span><\/span><\/span><\/p>\n<p align=\"justify\"><span style=\"color: #000000;\"><span style=\"font-family: Arial,serif;\"><span style=\"font-size: small;\"><i><b>&#8211; Mardi 10 novembre<\/b><\/i> : p\u00e2te \u00e0 sel<\/span><\/span><\/span><\/p>\n<p align=\"justify\"><span style=\"color: #000000;\"><span style=\"font-family: Arial,serif;\"><span style=\"font-size: small;\"><i><b>&#8211; Mardi 24 novembre<\/b><\/i> : couronne de l&rsquo;Avent<\/span><\/span><\/span><\/p>\n<p align=\"justify\"><span style=\"color: #000000;\"><span style=\"font-family: Arial,serif;\"><span style=\"font-size: small;\"><i><b>&#8211; Mardi 8 d\u00e9cembre<\/b><\/i> : cr\u00e9ation de cartes de No\u00eb<\/span><\/span><\/span><\/p>\n<p align=\"justify\"><span style=\"color: #000000;\"><span style=\"font-family: Arial,serif;\"><span style=\"font-size: small;\"><u><b>SORTIES<\/b><\/u> (rendez-vous \u00e0 13h30 \u00e0 la Mairie &#8211; veuillez vous inscrire au 06 30 08 70 30 ou \u00e0 la mairie).<\/span><\/span><\/span><\/p>\n<p align=\"left\"><span style=\"font-family: Franklin Gothic Book,serif;\"><span style=\"font-size: medium;\"><span style=\"color: #000000;\"><span style=\"font-family: Arial,serif;\"><span style=\"font-size: small;\"><i><b>&#8211; Mercredi 7 octobre<\/b><\/i><\/span><\/span><\/span><span style=\"color: #000000;\"><span style=\"font-family: Arial,serif;\"><span style=\"font-size: small;\"><i>\u00a0<\/i><\/span><\/span><\/span><span style=\"color: #000000;\"><span style=\"font-family: Arial,serif;\"><span style=\"font-size: small;\">: mus\u00e9e du bagage \u00e0 Haguenau<\/span><\/span><\/span><\/span><\/span><\/p>\n<p align=\"left\"><span style=\"font-family: Franklin Gothic Book,serif;\"><span style=\"font-size: medium;\"><span style=\"color: #000000;\"><span style=\"font-family: Arial,serif;\"><span style=\"font-size: small;\"><i><b>&#8211; Mercredi 4 novembre<\/b><\/i><\/span><\/span><\/span><span style=\"color: #000000;\"><span style=\"font-family: Arial,serif;\"><span style=\"font-size: small;\"><i>\u00a0<\/i><\/span><\/span><\/span><span style=\"color: #000000;\"><span style=\"font-family: Arial,serif;\"><span style=\"font-size: small;\">: sortie chrysanth\u00e8mes \u00e0 Lahr<\/span><\/span><\/span><\/span><\/span><\/p>\n<p align=\"left\"><span style=\"font-family: Franklin Gothic Book,serif;\"><span style=\"font-size: medium;\"><span style=\"color: #000000;\"><span style=\"font-family: Arial,serif;\"><span style=\"font-size: small;\"><i><b>&#8211; Mercredi 21 octobre,<\/b><\/i><\/span><\/span><\/span><i> <\/i><span style=\"color: #000000;\"><span style=\"font-family: Arial,serif;\"><span style=\"font-size: small;\"><i><b>18 novembre et 2 d\u00e9cembre\u00a0<\/b><\/i><\/span><\/span><\/span><span style=\"color: #000000;\"><span style=\"font-family: Arial,serif;\"><span style=\"font-size: small;\">: sorties nature. N&rsquo;h\u00e9sitez pas en emmener vos enfants ou petits enfants. En cas de mauvais temps, visionnage de photos nature dans la salle de la musique.<\/span><\/span><\/span><\/span><\/span><\/p>\n<p align=\"justify\"><span style=\"color: #000000;\"><span style=\"font-family: Arial,serif;\"><span style=\"font-size: small;\"><u><b>Programme enfants<\/b><\/u> : en salle de la musique, \u00e0 14 heures.<\/span><\/span><\/span><\/p>\n<p align=\"justify\"><span style=\"font-family: Franklin Gothic Book,serif;\"><span style=\"font-size: medium;\"><span style=\"color: #000000;\"><span style=\"font-family: Arial,serif;\"><span style=\"font-size: small;\"><i><b> Mercredi 7 octobre<\/b><\/i><\/span><\/span><\/span><span style=\"color: #000000;\"><span style=\"font-family: Arial,serif;\"><span style=\"font-size: small;\"> (peinture d&rsquo;\u00e9toiles) <\/span><\/span><\/span><span style=\"color: #000000;\"><span style=\"font-family: Arial,serif;\"><span style=\"font-size: small;\"><i><b>Mercredi 4 novembre <\/b><\/i><\/span><\/span><\/span><span style=\"color: #000000;\"><span style=\"font-family: Arial,serif;\"><span style=\"font-size: small;\">(atelier Bredele)<\/span><\/span><\/span><\/span><\/span><\/p>\n<p align=\"justify\"><span style=\"font-family: Franklin Gothic Book,serif;\"><span style=\"font-size: medium;\"><i> <\/i><span style=\"color: #000000;\"><span style=\"font-family: Arial,serif;\"><span style=\"font-size: small;\"><i><b>Mercredi 2 d\u00e9cembre<\/b><\/i><\/span><\/span><\/span><span style=\"color: #000000;\"><span style=\"font-family: Arial,serif;\"><span style=\"font-size: small;\"> (p\u00e2te \u00e0 sel, sujets No\u00ebl)<\/span><\/span><\/span><\/span><\/span><\/p>\n<p align=\"justify\"><img loading=\"lazy\" decoding=\"async\" class=\"aligncenter size-full wp-image-3367\" src=\"http:\/\/www.lembach.fr\/mairie\/wp-content\/uploads\/2015\/10\/aclle.jpg\" alt=\"aclle\" width=\"400\" height=\"279\" srcset=\"https:\/\/www.lembach.fr\/mairie\/wp-content\/uploads\/2015\/10\/aclle.jpg 400w, https:\/\/www.lembach.fr\/mairie\/wp-content\/uploads\/2015\/10\/aclle-300x209.jpg 300w\" sizes=\"auto, (max-width: 400px) 100vw, 400px\" \/><\/p>\n","protected":false},"excerpt":{"rendered":"<p>\u00a0Mardi apr\u00e8s midi, \u00e0 14 heures, \u00e0 la salle de la musique de Lembach : Tricoter et papoter, pour tous les niveaux, d\u00e9butantes et tricoteuses confirm\u00e9es ! les Mardi 13 octobre, 27 octobre, 10 novembre, 24 novembre et 8 d\u00e9cembre En soir\u00e9e : \u00e0 19 h 30, ateliers cr\u00e9atifs\u00a0: &#8211; Mardi 13 octobre : peinture &hellip; <\/p>\n<p><a class=\"more-link btn\" href=\"https:\/\/www.lembach.fr\/mairie\/2015\/10\/25\/programme-aclle\/\">Lire la suite<\/a><\/p>\n","protected":false},"author":1,"featured_media":0,"comment_status":"closed","ping_status":"closed","sticky":false,"template":"","format":"standard","meta":{"footnotes":""},"categories":[12],"tags":[],"class_list":["post-3366","post","type-post","status-publish","format-standard","hentry","category-informations","item-wrap"],"_links":{"self":[{"href":"https:\/\/www.lembach.fr\/mairie\/wp-json\/wp\/v2\/posts\/3366","targetHints":{"allow":["GET"]}}],"collection":[{"href":"https:\/\/www.lembach.fr\/mairie\/wp-json\/wp\/v2\/posts"}],"about":[{"href":"https:\/\/www.lembach.fr\/mairie\/wp-json\/wp\/v2\/types\/post"}],"author":[{"embeddable":true,"href":"https:\/\/www.lembach.fr\/mairie\/wp-json\/wp\/v2\/users\/1"}],"replies":[{"embeddable":true,"href":"https:\/\/www.lembach.fr\/mairie\/wp-json\/wp\/v2\/comments?post=3366"}],"version-history":[{"count":0,"href":"https:\/\/www.lembach.fr\/mairie\/wp-json\/wp\/v2\/posts\/3366\/revisions"}],"wp:attachment":[{"href":"https:\/\/www.lembach.fr\/mairie\/wp-json\/wp\/v2\/media?parent=3366"}],"wp:term":[{"taxonomy":"category","embeddable":true,"href":"https:\/\/www.lembach.fr\/mairie\/wp-json\/wp\/v2\/categories?post=3366"},{"taxonomy":"post_tag","embeddable":true,"href":"https:\/\/www.lembach.fr\/mairie\/wp-json\/wp\/v2\/tags?post=3366"}],"curies":[{"name":"wp","href":"https:\/\/api.w.org\/{rel}","templated":true}]}}