{"id":3364,"date":"2015-10-25T11:33:06","date_gmt":"2015-10-25T10:33:06","guid":{"rendered":"http:\/\/www.lembach.fr\/mairie\/?p=3364"},"modified":"2016-02-09T13:15:36","modified_gmt":"2016-02-09T12:15:36","slug":"un-nouveau-chef-detablissement-a-lehpad","status":"publish","type":"post","link":"https:\/\/www.lembach.fr\/mairie\/2015\/10\/25\/un-nouveau-chef-detablissement-a-lehpad\/","title":{"rendered":"Un nouveau chef d&rsquo;\u00e9tablissement \u00e0 l&rsquo;EHPAD"},"content":{"rendered":"<p><span style=\"color: #000000;\"><span style=\"font-family: Arial,serif;\"><span style=\"font-size: small;\">Marc Cura vient de quitter la direction de la maison <i><b>Paul Bertololy<\/b><\/i> pour s\u2019occuper de celle de <i><b>Montbronn<\/b><\/i>, un nouvel \u00e9tablissement. Nous le voyons partir \u00e0 contrecoeur et le remercions pour la qualit\u00e9 des relations avec la commune, sa disponibilit\u00e9 et son engagement pour le bien-\u00eatre des r\u00e9sidents, en lui souhaitant bon vent en terre mosellane !<\/span><\/span><\/span><\/p>\n<p><span style=\"color: #000000;\"><span style=\"font-family: Arial,serif;\"><span style=\"font-size: small;\">Et c\u2019est une Mosellane qui vient lui succ\u00e9der, <i><b>Leila Muller<\/b><\/i>, \u00e0 qui nous souhaitons une tr\u00e8s cordiale bienvenue. Nous avons cru comprendre qu\u2019elle n\u2019est pas du tout m\u00e9contente de se retrouver chez nous dans une r\u00e9gion qu\u2019elle appr\u00e9cie avec son mari et ses deux enfants <i><b>Mathis<\/b><\/i> et <i><b>In\u00e8s<\/b><\/i>. La famille qui aurait bien voulu r\u00e9sider \u00e0 Lembach s\u2019est \u00e9tablie \u00e0 Goersdorf mais les enfants fr\u00e9quentent l\u2019\u00e9cole locale.<\/span><\/span><\/span><\/p>\n<p><span style=\"color: #000000;\"><span style=\"font-family: Arial,serif;\"><span style=\"font-size: small;\">Le parcours professionnel de la nouvelle \u00ab patronne \u00bb est riche. Apr\u00e8s des \u00e9tudes de management et des activit\u00e9s dans le domaine commercial et immobilier Mme Muller a d\u00e9cid\u00e9 de changer de cap et a profit\u00e9 d\u2019une formation acc\u00e9l\u00e9r\u00e9e de 10 mois qui lui permet aujourd\u2019hui de prendre en charge cette nouvelle fonction.<\/span><\/span><\/span><\/p>\n<p align=\"center\"><span style=\"color: #000000;\"><span style=\"font-family: Arial,serif;\"><span style=\"font-size: small;\"><b>Nous lui souhaitons bon vent en terre alsacienne !<\/b><\/span><\/span><\/span><\/p>\n<p><img loading=\"lazy\" decoding=\"async\" class=\"aligncenter size-full wp-image-2652\" src=\"http:\/\/www.lembach.fr\/mairie\/wp-content\/uploads\/2014\/08\/670006279-1.jpg\" alt=\"670006279-1\" width=\"400\" height=\"269\" srcset=\"https:\/\/www.lembach.fr\/mairie\/wp-content\/uploads\/2014\/08\/670006279-1.jpg 400w, https:\/\/www.lembach.fr\/mairie\/wp-content\/uploads\/2014\/08\/670006279-1-300x201.jpg 300w\" sizes=\"auto, (max-width: 400px) 100vw, 400px\" \/><\/p>\n","protected":false},"excerpt":{"rendered":"<p>Marc Cura vient de quitter la direction de la maison Paul Bertololy pour s\u2019occuper de celle de Montbronn, un nouvel \u00e9tablissement. Nous le voyons partir \u00e0 contrecoeur et le remercions pour la qualit\u00e9 des relations avec la commune, sa disponibilit\u00e9 et son engagement pour le bien-\u00eatre des r\u00e9sidents, en lui souhaitant bon vent en terre &hellip; <\/p>\n<p><a class=\"more-link btn\" href=\"https:\/\/www.lembach.fr\/mairie\/2015\/10\/25\/un-nouveau-chef-detablissement-a-lehpad\/\">Lire la suite<\/a><\/p>\n","protected":false},"author":1,"featured_media":0,"comment_status":"closed","ping_status":"closed","sticky":false,"template":"","format":"standard","meta":{"footnotes":""},"categories":[12],"tags":[],"class_list":["post-3364","post","type-post","status-publish","format-standard","hentry","category-informations","item-wrap"],"_links":{"self":[{"href":"https:\/\/www.lembach.fr\/mairie\/wp-json\/wp\/v2\/posts\/3364","targetHints":{"allow":["GET"]}}],"collection":[{"href":"https:\/\/www.lembach.fr\/mairie\/wp-json\/wp\/v2\/posts"}],"about":[{"href":"https:\/\/www.lembach.fr\/mairie\/wp-json\/wp\/v2\/types\/post"}],"author":[{"embeddable":true,"href":"https:\/\/www.lembach.fr\/mairie\/wp-json\/wp\/v2\/users\/1"}],"replies":[{"embeddable":true,"href":"https:\/\/www.lembach.fr\/mairie\/wp-json\/wp\/v2\/comments?post=3364"}],"version-history":[{"count":0,"href":"https:\/\/www.lembach.fr\/mairie\/wp-json\/wp\/v2\/posts\/3364\/revisions"}],"wp:attachment":[{"href":"https:\/\/www.lembach.fr\/mairie\/wp-json\/wp\/v2\/media?parent=3364"}],"wp:term":[{"taxonomy":"category","embeddable":true,"href":"https:\/\/www.lembach.fr\/mairie\/wp-json\/wp\/v2\/categories?post=3364"},{"taxonomy":"post_tag","embeddable":true,"href":"https:\/\/www.lembach.fr\/mairie\/wp-json\/wp\/v2\/tags?post=3364"}],"curies":[{"name":"wp","href":"https:\/\/api.w.org\/{rel}","templated":true}]}}