{"id":3360,"date":"2015-09-27T11:29:29","date_gmt":"2015-09-27T10:29:29","guid":{"rendered":"http:\/\/www.lembach.fr\/mairie\/?p=3360"},"modified":"2015-10-30T11:31:19","modified_gmt":"2015-10-30T10:31:19","slug":"inauguration-de-la-scierie","status":"publish","type":"post","link":"https:\/\/www.lembach.fr\/mairie\/2015\/09\/27\/inauguration-de-la-scierie\/","title":{"rendered":"Inauguration de la \u00ab\u00a0scierie\u00a0\u00bb"},"content":{"rendered":"<p align=\"justify\"><span style=\"color: #000000;\"><span style=\"font-family: Arial,serif;\"><span style=\"font-size: small;\">Apr\u00e8s de longs mois de travaux et de mises aux normes notre ancien gymnase a fait peau neuve.<\/span><\/span><\/span><\/p>\n<p align=\"justify\"><span style=\"color: #000000;\"><span style=\"font-family: Arial,serif;\"><span style=\"font-size: small;\">La salle sportive et festive baptis\u00e9e \u00ab\u00a0<i><b>La Scierie<\/b><\/i>\u00a0\u00bb a \u00e9t\u00e9 inaugur\u00e9e ce <b>samedi 26 septembre 2015<\/b>, en pr\u00e9sence des partenaires financiers, d&rsquo;\u00e9lus locaux et communautaires, d&rsquo;entreprises y ayant travaill\u00e9 et des responsables d&rsquo;associations locales.<\/span><\/span><\/span><\/p>\n<p align=\"justify\"><span style=\"color: #000000;\"><span style=\"font-family: Arial,serif;\"><span style=\"font-size: small;\">Durant l&rsquo;apr\u00e8s midi, les \u00ab\u00a0portes ouvertes\u00a0\u00bb ont permis \u00e0 tous de visiter les lieux.<\/span><\/span><\/span><\/p>\n<p align=\"justify\"><span style=\"color: #000000;\"><span style=\"font-family: Arial,serif;\"><span style=\"font-size: small;\">Cet espace sera utilis\u00e9 par les associations sportives qui durant ces longs mois ont d\u00fb se d\u00e9localiser ; les ballons, les steps, les b\u00e2tons, les kimonos, la musique y retrouveront leurs habitudes. Il sera \u00e9galement utilis\u00e9 pour les f\u00eates associatives et familiales et les kermesses paroissiales. C&rsquo;est un espace qui se doit de vivre et de faire vivre notre village.<\/span><\/span><\/span><\/p>\n<p align=\"center\"><span style=\"color: #000000;\"><span style=\"font-family: Arial,serif;\"><span style=\"font-size: small;\">Pour tous renseignements, adressez vous \u00e0 la mairie.<\/span><\/span><\/span><\/p>\n<p align=\"center\"><img loading=\"lazy\" decoding=\"async\" class=\"aligncenter size-full wp-image-3361\" style=\"border: 0pt none;\" src=\"http:\/\/www.lembach.fr\/mairie\/wp-content\/uploads\/2015\/10\/scierie.jpg\" alt=\"scierie\" width=\"500\" height=\"118\" srcset=\"https:\/\/www.lembach.fr\/mairie\/wp-content\/uploads\/2015\/10\/scierie.jpg 500w, https:\/\/www.lembach.fr\/mairie\/wp-content\/uploads\/2015\/10\/scierie-300x71.jpg 300w\" sizes=\"auto, (max-width: 500px) 100vw, 500px\" \/><\/p>\n","protected":false},"excerpt":{"rendered":"<p>Apr\u00e8s de longs mois de travaux et de mises aux normes notre ancien gymnase a fait peau neuve. La salle sportive et festive baptis\u00e9e \u00ab\u00a0La Scierie\u00a0\u00bb a \u00e9t\u00e9 inaugur\u00e9e ce samedi 26 septembre 2015, en pr\u00e9sence des partenaires financiers, d&rsquo;\u00e9lus locaux et communautaires, d&rsquo;entreprises y ayant travaill\u00e9 et des responsables d&rsquo;associations locales. Durant l&rsquo;apr\u00e8s midi, &hellip; <\/p>\n<p><a class=\"more-link btn\" href=\"https:\/\/www.lembach.fr\/mairie\/2015\/09\/27\/inauguration-de-la-scierie\/\">Lire la suite<\/a><\/p>\n","protected":false},"author":1,"featured_media":0,"comment_status":"closed","ping_status":"closed","sticky":false,"template":"","format":"standard","meta":{"footnotes":""},"categories":[7],"tags":[],"class_list":["post-3360","post","type-post","status-publish","format-standard","hentry","category-manifestations","item-wrap"],"_links":{"self":[{"href":"https:\/\/www.lembach.fr\/mairie\/wp-json\/wp\/v2\/posts\/3360","targetHints":{"allow":["GET"]}}],"collection":[{"href":"https:\/\/www.lembach.fr\/mairie\/wp-json\/wp\/v2\/posts"}],"about":[{"href":"https:\/\/www.lembach.fr\/mairie\/wp-json\/wp\/v2\/types\/post"}],"author":[{"embeddable":true,"href":"https:\/\/www.lembach.fr\/mairie\/wp-json\/wp\/v2\/users\/1"}],"replies":[{"embeddable":true,"href":"https:\/\/www.lembach.fr\/mairie\/wp-json\/wp\/v2\/comments?post=3360"}],"version-history":[{"count":0,"href":"https:\/\/www.lembach.fr\/mairie\/wp-json\/wp\/v2\/posts\/3360\/revisions"}],"wp:attachment":[{"href":"https:\/\/www.lembach.fr\/mairie\/wp-json\/wp\/v2\/media?parent=3360"}],"wp:term":[{"taxonomy":"category","embeddable":true,"href":"https:\/\/www.lembach.fr\/mairie\/wp-json\/wp\/v2\/categories?post=3360"},{"taxonomy":"post_tag","embeddable":true,"href":"https:\/\/www.lembach.fr\/mairie\/wp-json\/wp\/v2\/tags?post=3360"}],"curies":[{"name":"wp","href":"https:\/\/api.w.org\/{rel}","templated":true}]}}