{"id":3273,"date":"2016-08-12T07:12:44","date_gmt":"2016-08-12T06:12:44","guid":{"rendered":"http:\/\/www.lembach.fr\/mairie\/?p=3273"},"modified":"2016-08-18T07:01:15","modified_gmt":"2016-08-18T06:01:15","slug":"rockn-stein","status":"publish","type":"post","link":"https:\/\/www.lembach.fr\/mairie\/2016\/08\/12\/rockn-stein\/","title":{"rendered":"Rock&rsquo;n Stein"},"content":{"rendered":"<p>Le rock&rsquo;nRoll (Iron Bastards)\u00a0 et le Folk Metal (Yrzen) sont \u00e0 l&rsquo;honneur.<\/p>\n<p>Une diversit\u00e9 assum\u00e9e et une d\u00e9couverte assur\u00e9e dans\u00a0 un lieu d&rsquo;exception aux abords des ruines du ch\u00e2teau fort avec une vue sur le paysage des Vosges du Nord.<\/p>\n<p>Les cracheurs de feu de <strong>Factorem Ignis<\/strong> nous \u00e9blouiront toute la soir\u00e9e : laissez vous emporter par ce spectacle flamboyant.<\/p>\n<p>Pour les creux d&rsquo;estomac, des sp\u00e9cialit\u00e9s m\u00e9di\u00e9vales \u00e0 d\u00e9couvrir.<\/p>\n<p>Des points de vente somt \u00e0 disposition pour la pr\u00e9vente des billets aux pr\u00e9f\u00e9rentiel de <strong>5\u00a0 \u20ac<\/strong><em>,<\/em> le jour m\u00eame, \u00e0 l&rsquo;entr\u00e9e du festival des billets seront vendus \u00e0 <strong>10 \u20ac.<\/strong><\/p>\n<p style=\"text-align: center;\"><img loading=\"lazy\" decoding=\"async\" class=\"aligncenter size-full wp-image-3955\" src=\"http:\/\/www.lembach.fr\/mairie\/wp-content\/uploads\/2016\/08\/rock_n_stein_2016.jpg\" alt=\"rock_n_stein_2016\" width=\"640\" height=\"890\" srcset=\"https:\/\/www.lembach.fr\/mairie\/wp-content\/uploads\/2016\/08\/rock_n_stein_2016.jpg 640w, https:\/\/www.lembach.fr\/mairie\/wp-content\/uploads\/2016\/08\/rock_n_stein_2016-216x300.jpg 216w\" sizes=\"auto, (max-width: 640px) 100vw, 640px\" \/><\/p>\n<p style=\"text-align: center;\">Plus d&rsquo;infos sur le site officiel : <strong><a href=\"http:\/\/rocknstein.eu\/\" target=\"_blank\">Rock&rsquo;n&rsquo;Stein Festival<\/a><\/strong><\/p>\n","protected":false},"excerpt":{"rendered":"<p>Le rock&rsquo;nRoll (Iron Bastards)\u00a0 et le Folk Metal (Yrzen) sont \u00e0 l&rsquo;honneur. Une diversit\u00e9 assum\u00e9e et une d\u00e9couverte assur\u00e9e dans\u00a0 un lieu d&rsquo;exception aux abords des ruines du ch\u00e2teau fort avec une vue sur le paysage des Vosges du Nord. Les cracheurs de feu de Factorem Ignis nous \u00e9blouiront toute la soir\u00e9e : laissez vous &hellip; <\/p>\n<p><a class=\"more-link btn\" href=\"https:\/\/www.lembach.fr\/mairie\/2016\/08\/12\/rockn-stein\/\">Lire la suite<\/a><\/p>\n","protected":false},"author":1,"featured_media":0,"comment_status":"closed","ping_status":"closed","sticky":false,"template":"","format":"standard","meta":{"footnotes":""},"categories":[20],"tags":[],"class_list":["post-3273","post","type-post","status-publish","format-standard","hentry","category-spectacle","item-wrap"],"_links":{"self":[{"href":"https:\/\/www.lembach.fr\/mairie\/wp-json\/wp\/v2\/posts\/3273","targetHints":{"allow":["GET"]}}],"collection":[{"href":"https:\/\/www.lembach.fr\/mairie\/wp-json\/wp\/v2\/posts"}],"about":[{"href":"https:\/\/www.lembach.fr\/mairie\/wp-json\/wp\/v2\/types\/post"}],"author":[{"embeddable":true,"href":"https:\/\/www.lembach.fr\/mairie\/wp-json\/wp\/v2\/users\/1"}],"replies":[{"embeddable":true,"href":"https:\/\/www.lembach.fr\/mairie\/wp-json\/wp\/v2\/comments?post=3273"}],"version-history":[{"count":0,"href":"https:\/\/www.lembach.fr\/mairie\/wp-json\/wp\/v2\/posts\/3273\/revisions"}],"wp:attachment":[{"href":"https:\/\/www.lembach.fr\/mairie\/wp-json\/wp\/v2\/media?parent=3273"}],"wp:term":[{"taxonomy":"category","embeddable":true,"href":"https:\/\/www.lembach.fr\/mairie\/wp-json\/wp\/v2\/categories?post=3273"},{"taxonomy":"post_tag","embeddable":true,"href":"https:\/\/www.lembach.fr\/mairie\/wp-json\/wp\/v2\/tags?post=3273"}],"curies":[{"name":"wp","href":"https:\/\/api.w.org\/{rel}","templated":true}]}}