{"id":3255,"date":"2015-07-12T16:12:54","date_gmt":"2015-07-12T15:12:54","guid":{"rendered":"http:\/\/www.lembach.fr\/mairie\/?p=3255"},"modified":"2015-07-13T16:13:15","modified_gmt":"2015-07-13T15:13:15","slug":"declaration-de-logement-locatif","status":"publish","type":"post","link":"https:\/\/www.lembach.fr\/mairie\/2015\/07\/12\/declaration-de-logement-locatif\/","title":{"rendered":"D\u00e9claration de logement locatif"},"content":{"rendered":"<p align=\"justify\"><img loading=\"lazy\" decoding=\"async\" class=\"aligncenter size-full wp-image-2889\" style=\"border: 0pt none;\" src=\"http:\/\/www.lembach.fr\/mairie\/wp-content\/uploads\/2014\/12\/a-louer.jpg\" alt=\"a-louer\" width=\"274\" height=\"120\" \/><\/p>\n<p align=\"justify\"><span style=\"font-family: Arial,serif;\"><span style=\"font-size: small;\">Bien souvent, des personnes en recherche d&rsquo;appartements \u00e0 louer se pr\u00e9sentent au secr\u00e9tariat de la Mairie et les agents ne sont pas en mesure de les renseigner par manque d&rsquo;information.<\/span><\/span><\/p>\n<p align=\"justify\"><span style=\"font-family: Arial,serif;\"><span style=\"font-size: small;\">Les propri\u00e9taires sont donc invit\u00e9s \u00e0 indiquer leurs biens immobiliers, maison ou appartement, <b>disponibles \u00e0 la location<\/b> afin de permettre la mise en relation des personnes en recherche de logement \u00e0 Lembach avec les propri\u00e9taires.<\/span><\/span><\/p>\n","protected":false},"excerpt":{"rendered":"<p>Bien souvent, des personnes en recherche d&rsquo;appartements \u00e0 louer se pr\u00e9sentent au secr\u00e9tariat de la Mairie et les agents ne sont pas en mesure de les renseigner par manque d&rsquo;information. Les propri\u00e9taires sont donc invit\u00e9s \u00e0 indiquer leurs biens immobiliers, maison ou appartement, disponibles \u00e0 la location afin de permettre la mise en relation des &hellip; <\/p>\n<p><a class=\"more-link btn\" href=\"https:\/\/www.lembach.fr\/mairie\/2015\/07\/12\/declaration-de-logement-locatif\/\">Lire la suite<\/a><\/p>\n","protected":false},"author":1,"featured_media":0,"comment_status":"closed","ping_status":"closed","sticky":false,"template":"","format":"standard","meta":{"footnotes":""},"categories":[12],"tags":[],"class_list":["post-3255","post","type-post","status-publish","format-standard","hentry","category-informations","item-wrap"],"_links":{"self":[{"href":"https:\/\/www.lembach.fr\/mairie\/wp-json\/wp\/v2\/posts\/3255","targetHints":{"allow":["GET"]}}],"collection":[{"href":"https:\/\/www.lembach.fr\/mairie\/wp-json\/wp\/v2\/posts"}],"about":[{"href":"https:\/\/www.lembach.fr\/mairie\/wp-json\/wp\/v2\/types\/post"}],"author":[{"embeddable":true,"href":"https:\/\/www.lembach.fr\/mairie\/wp-json\/wp\/v2\/users\/1"}],"replies":[{"embeddable":true,"href":"https:\/\/www.lembach.fr\/mairie\/wp-json\/wp\/v2\/comments?post=3255"}],"version-history":[{"count":0,"href":"https:\/\/www.lembach.fr\/mairie\/wp-json\/wp\/v2\/posts\/3255\/revisions"}],"wp:attachment":[{"href":"https:\/\/www.lembach.fr\/mairie\/wp-json\/wp\/v2\/media?parent=3255"}],"wp:term":[{"taxonomy":"category","embeddable":true,"href":"https:\/\/www.lembach.fr\/mairie\/wp-json\/wp\/v2\/categories?post=3255"},{"taxonomy":"post_tag","embeddable":true,"href":"https:\/\/www.lembach.fr\/mairie\/wp-json\/wp\/v2\/tags?post=3255"}],"curies":[{"name":"wp","href":"https:\/\/api.w.org\/{rel}","templated":true}]}}