{"id":3251,"date":"2015-07-13T16:08:43","date_gmt":"2015-07-13T15:08:43","guid":{"rendered":"http:\/\/www.lembach.fr\/mairie\/?p=3251"},"modified":"2015-07-13T16:09:11","modified_gmt":"2015-07-13T15:09:11","slug":"3251","status":"publish","type":"post","link":"https:\/\/www.lembach.fr\/mairie\/2015\/07\/13\/3251\/","title":{"rendered":"Le mot du Maire"},"content":{"rendered":"<p style=\"text-align: center;\" align=\"justify\"><span style=\"text-decoration: underline;\"><strong><span style=\"color: #000000;\"><span style=\"font-family: Arial,serif;\"><span style=\"font-size: medium;\">VACANCES<\/span><\/span><\/span><\/strong><\/span><\/p>\n<p align=\"justify\"><span style=\"color: #000000;\"><span style=\"font-family: Arial,serif;\"><span style=\"font-size: medium;\">Au moment o\u00f9 vous lirez ces quelques lignes, les \u00e9coliers auront d\u00e9j\u00e0 quinze jours de vacances derri\u00e8re eux, certains employ\u00e9s, termin\u00e9 les leurs, d\u2019autres s\u2019appr\u00eateront \u00e0 les prendre. Ce temps d\u2019arr\u00eat est utile, n\u00e9cessaire, vital\u00a0: pour ne rien faire, faire autre chose ou le faire autrement, souffler, penser \u00e0 autre chose, se d\u00e9tendre. <\/span><\/span><\/span><\/p>\n<p align=\"justify\"><span style=\"color: #000000;\"><span style=\"font-family: Arial,serif;\"><span style=\"font-size: medium;\">Les tensions sont en effet fortes, nombreuses, quotidiennes. C\u2019est aussi le cas dans nos communes en proie \u00e0 une situation financi\u00e8re qu\u2019elles n\u2019ont que rarement connue. Elles participent en effet \u00e0 l\u2019effort de l\u2019Etat de r\u00e9duire une dette publique bien trop \u00e9lev\u00e9e, certes depuis des ann\u00e9es. A la baisse des aides de l\u2019Etat, s\u2019ajoutent les diminutions des subventions. Une aire nouvelle s\u2019ouvre donc qui nous oblige \u00e0 faire de nouveaux choix. Ce n\u2019est ni simple, ni exaltant mais c\u2019est n\u00e9cessaire. Ces nouvelles contraintes nous conduisent \u00e0 plus de solidarit\u00e9. Voil\u00e0 un chemin sinueux mais porteur d\u2019espoir d\u00e8s lors que chacun, avec ses moyens et sa volont\u00e9 s\u2019y met. Une fois de plus je vous y invite. Chaque geste de solidarit\u00e9 est une pierre apport\u00e9e \u00e0 l\u2019\u00e9difice d\u2019une soci\u00e9t\u00e9 \u00e9quitable et digne de l\u2019homme.<\/span><\/span><\/span><\/p>\n<p align=\"center\"><span style=\"color: #000000;\"><span style=\"font-family: Arial,serif;\"><span style=\"font-size: medium;\"><i>___________________________<\/i><\/span><\/span><\/span><\/p>\n<p align=\"justify\"><span style=\"color: #000000;\"><span style=\"font-family: Arial,serif;\"><span style=\"font-size: medium;\"><i><u><b>URLAAB<\/b><\/u><\/i><\/span><\/span><\/span><\/p>\n<p align=\"justify\"><span style=\"color: #000000;\"><span style=\"font-family: Arial,serif;\"><span style=\"font-size: medium;\"><i><b>Friehjer h\u00e0t mr des Wort un die Zitt net so gekannt. In de hittiche Lawesbedingunge k\u00e0nn m\u2019r nemeh sin uhne. Es gibt e Vielf\u00e0lt vun Urlaabsvorschlaj, je noch Galds\u00e0ck, Luscht, Ch\u00e0r\u00e0kter usw. Unsri Luft un unsre W\u00e0ld liefre uns schun genung Stoff fer Kopf un Leib \u00fcszeruwe. Doch begnejt m\u2019r sich net unbedingt mit d\u00e4m w\u00e0s m\u2019r s g\u00e0nz Johr h\u00e0t. Scheener Summer \u00e0n \u00e0lli.<\/b><\/i><\/span><\/span><\/span><\/p>\n<p align=\"right\"><span style=\"color: #000000;\"><span style=\"font-family: Arial,serif;\"><span style=\"font-size: small;\">Charles Schlosser<\/span><\/span><\/span><\/p>\n<p style=\"text-align: center;\" align=\"right\"><img loading=\"lazy\" decoding=\"async\" class=\"aligncenter size-full wp-image-3252\" src=\"http:\/\/www.lembach.fr\/mairie\/wp-content\/uploads\/2015\/07\/Farniente-pieds.jpg\" alt=\"Farniente-pieds\" width=\"499\" height=\"374\" srcset=\"https:\/\/www.lembach.fr\/mairie\/wp-content\/uploads\/2015\/07\/Farniente-pieds.jpg 499w, https:\/\/www.lembach.fr\/mairie\/wp-content\/uploads\/2015\/07\/Farniente-pieds-300x225.jpg 300w\" sizes=\"auto, (max-width: 499px) 100vw, 499px\" \/><\/p>\n","protected":false},"excerpt":{"rendered":"<p>VACANCES Au moment o\u00f9 vous lirez ces quelques lignes, les \u00e9coliers auront d\u00e9j\u00e0 quinze jours de vacances derri\u00e8re eux, certains employ\u00e9s, termin\u00e9 les leurs, d\u2019autres s\u2019appr\u00eateront \u00e0 les prendre. Ce temps d\u2019arr\u00eat est utile, n\u00e9cessaire, vital\u00a0: pour ne rien faire, faire autre chose ou le faire autrement, souffler, penser \u00e0 autre chose, se d\u00e9tendre. Les &hellip; <\/p>\n<p><a class=\"more-link btn\" href=\"https:\/\/www.lembach.fr\/mairie\/2015\/07\/13\/3251\/\">Lire la suite<\/a><\/p>\n","protected":false},"author":1,"featured_media":0,"comment_status":"closed","ping_status":"closed","sticky":false,"template":"","format":"standard","meta":{"footnotes":""},"categories":[8],"tags":[],"class_list":["post-3251","post","type-post","status-publish","format-standard","hentry","category-divers","item-wrap"],"_links":{"self":[{"href":"https:\/\/www.lembach.fr\/mairie\/wp-json\/wp\/v2\/posts\/3251","targetHints":{"allow":["GET"]}}],"collection":[{"href":"https:\/\/www.lembach.fr\/mairie\/wp-json\/wp\/v2\/posts"}],"about":[{"href":"https:\/\/www.lembach.fr\/mairie\/wp-json\/wp\/v2\/types\/post"}],"author":[{"embeddable":true,"href":"https:\/\/www.lembach.fr\/mairie\/wp-json\/wp\/v2\/users\/1"}],"replies":[{"embeddable":true,"href":"https:\/\/www.lembach.fr\/mairie\/wp-json\/wp\/v2\/comments?post=3251"}],"version-history":[{"count":0,"href":"https:\/\/www.lembach.fr\/mairie\/wp-json\/wp\/v2\/posts\/3251\/revisions"}],"wp:attachment":[{"href":"https:\/\/www.lembach.fr\/mairie\/wp-json\/wp\/v2\/media?parent=3251"}],"wp:term":[{"taxonomy":"category","embeddable":true,"href":"https:\/\/www.lembach.fr\/mairie\/wp-json\/wp\/v2\/categories?post=3251"},{"taxonomy":"post_tag","embeddable":true,"href":"https:\/\/www.lembach.fr\/mairie\/wp-json\/wp\/v2\/tags?post=3251"}],"curies":[{"name":"wp","href":"https:\/\/api.w.org\/{rel}","templated":true}]}}