{"id":3200,"date":"2015-06-26T14:47:09","date_gmt":"2015-06-26T13:47:09","guid":{"rendered":"http:\/\/www.lembach.fr\/mairie\/?p=3200"},"modified":"2015-07-10T10:11:15","modified_gmt":"2015-07-10T09:11:15","slug":"concert-de-saxophone-saxopoliss","status":"publish","type":"post","link":"https:\/\/www.lembach.fr\/mairie\/2015\/06\/26\/concert-de-saxophone-saxopoliss\/","title":{"rendered":"Concert de Saxophones SAXOPOLISS"},"content":{"rendered":"<h2 style=\"text-align: center;\"><strong>Le 10 juillet 2015 \u00e0 20 heures au Ch\u00e2teau du Fleckenstein<\/strong><br \/>\n4 saxophonistes interpr\u00e8teront diff\u00e9rents style de musique<br \/>\nallant du classique au jazz,<br \/>\nsur des airs de Duke Ellington, Bob Mintzer et Jaco Pastorius<\/h2>\n<p style=\"text-align: right;\">Entr\u00e9e libre<\/p>\n<p style=\"text-align: left;\"><img loading=\"lazy\" decoding=\"async\" class=\"aligncenter size-full wp-image-3207\" src=\"http:\/\/www.lembach.fr\/mairie\/wp-content\/uploads\/2015\/06\/saxopoliss.jpg\" alt=\"saxopoliss\" width=\"640\" height=\"892\" srcset=\"https:\/\/www.lembach.fr\/mairie\/wp-content\/uploads\/2015\/06\/saxopoliss.jpg 640w, https:\/\/www.lembach.fr\/mairie\/wp-content\/uploads\/2015\/06\/saxopoliss-215x300.jpg 215w\" sizes=\"auto, (max-width: 640px) 100vw, 640px\" \/><\/p>\n","protected":false},"excerpt":{"rendered":"<p>Le 10 juillet 2015 \u00e0 20 heures au Ch\u00e2teau du Fleckenstein 4 saxophonistes interpr\u00e8teront diff\u00e9rents style de musique allant du classique au jazz, sur des airs de Duke Ellington, Bob Mintzer et Jaco Pastorius Entr\u00e9e libre<\/p>\n","protected":false},"author":1,"featured_media":0,"comment_status":"closed","ping_status":"closed","sticky":false,"template":"","format":"standard","meta":{"footnotes":""},"categories":[20],"tags":[],"class_list":["post-3200","post","type-post","status-publish","format-standard","hentry","category-spectacle","item-wrap"],"_links":{"self":[{"href":"https:\/\/www.lembach.fr\/mairie\/wp-json\/wp\/v2\/posts\/3200","targetHints":{"allow":["GET"]}}],"collection":[{"href":"https:\/\/www.lembach.fr\/mairie\/wp-json\/wp\/v2\/posts"}],"about":[{"href":"https:\/\/www.lembach.fr\/mairie\/wp-json\/wp\/v2\/types\/post"}],"author":[{"embeddable":true,"href":"https:\/\/www.lembach.fr\/mairie\/wp-json\/wp\/v2\/users\/1"}],"replies":[{"embeddable":true,"href":"https:\/\/www.lembach.fr\/mairie\/wp-json\/wp\/v2\/comments?post=3200"}],"version-history":[{"count":0,"href":"https:\/\/www.lembach.fr\/mairie\/wp-json\/wp\/v2\/posts\/3200\/revisions"}],"wp:attachment":[{"href":"https:\/\/www.lembach.fr\/mairie\/wp-json\/wp\/v2\/media?parent=3200"}],"wp:term":[{"taxonomy":"category","embeddable":true,"href":"https:\/\/www.lembach.fr\/mairie\/wp-json\/wp\/v2\/categories?post=3200"},{"taxonomy":"post_tag","embeddable":true,"href":"https:\/\/www.lembach.fr\/mairie\/wp-json\/wp\/v2\/tags?post=3200"}],"curies":[{"name":"wp","href":"https:\/\/api.w.org\/{rel}","templated":true}]}}