{"id":3061,"date":"2015-04-16T20:31:30","date_gmt":"2015-04-16T19:31:30","guid":{"rendered":"http:\/\/www.lembach.fr\/mairie\/?p=3061"},"modified":"2015-04-25T11:18:08","modified_gmt":"2015-04-25T10:18:08","slug":"un-sportif-medaille","status":"publish","type":"post","link":"https:\/\/www.lembach.fr\/mairie\/2015\/04\/16\/un-sportif-medaille\/","title":{"rendered":"Un sportif m\u00e9daill\u00e9"},"content":{"rendered":"<h2><a href=\"http:\/\/www.lembach.fr\/mairie\/wp-content\/uploads\/2015\/04\/sport_adapte_2.jpg\"><img loading=\"lazy\" decoding=\"async\" class=\"aligncenter size-full wp-image-3063\" style=\"border: 0pt none;\" src=\"http:\/\/www.lembach.fr\/mairie\/wp-content\/uploads\/2015\/04\/sport_adapte_2.jpg\" alt=\"sport_adapte_2\" width=\"600\" height=\"117\" srcset=\"https:\/\/www.lembach.fr\/mairie\/wp-content\/uploads\/2015\/04\/sport_adapte_2.jpg 600w, https:\/\/www.lembach.fr\/mairie\/wp-content\/uploads\/2015\/04\/sport_adapte_2-300x59.jpg 300w\" sizes=\"auto, (max-width: 600px) 100vw, 600px\" \/><\/a>Pour la 3\u00e8me ann\u00e9e cons\u00e9cutive, La Ligue d\u2019Alsace et le Comit\u00e9 D\u00e9partemental 67 se sont associ\u00e9s avec la Ligue d\u2019Alsace du Sport Adapt\u00e9 pour organiser leur Championnat d\u2019Alsace de tennis de table.<\/h2>\n<p>L&rsquo;\u00e9dition 2015 de cette comp\u00e9tition a eu lieu ce <span style=\"text-decoration: underline;\"><strong>jeudi 16 avril<\/strong><\/span> au Hall de l\u2019AGR (3 quai Ernest Bevin, 67000 Strasbourg), en collaboration avec le club du CS St Jean Strasbourg.<\/p>\n<p>C&rsquo;est avec une grande joie que nous avons appris la m\u00e9daille d&rsquo;argent de <strong>Arthur Herrmann<\/strong>, un jeune du village, dans la cat\u00e9gorie junior.<\/p>\n<p>F\u00e9licitations au jeune sportif et \u00e0 toute sa famille.<\/p>\n<p><img loading=\"lazy\" decoding=\"async\" class=\"aligncenter size-full wp-image-3078\" src=\"http:\/\/www.lembach.fr\/mairie\/wp-content\/uploads\/2015\/04\/arthur_herrmann_1.jpg\" alt=\"arthur_herrmann_1\" width=\"600\" height=\"648\" srcset=\"https:\/\/www.lembach.fr\/mairie\/wp-content\/uploads\/2015\/04\/arthur_herrmann_1.jpg 600w, https:\/\/www.lembach.fr\/mairie\/wp-content\/uploads\/2015\/04\/arthur_herrmann_1-278x300.jpg 278w\" sizes=\"auto, (max-width: 600px) 100vw, 600px\" \/> <a href=\"http:\/\/www.lembach.fr\/mairie\/wp-content\/uploads\/2015\/04\/arthur_herrmann_2.jpg\"><img loading=\"lazy\" decoding=\"async\" class=\"aligncenter size-full wp-image-3079\" src=\"http:\/\/www.lembach.fr\/mairie\/wp-content\/uploads\/2015\/04\/arthur_herrmann_2.jpg\" alt=\"arthur_herrmann_2\" width=\"600\" height=\"648\" srcset=\"https:\/\/www.lembach.fr\/mairie\/wp-content\/uploads\/2015\/04\/arthur_herrmann_2.jpg 600w, https:\/\/www.lembach.fr\/mairie\/wp-content\/uploads\/2015\/04\/arthur_herrmann_2-278x300.jpg 278w\" sizes=\"auto, (max-width: 600px) 100vw, 600px\" \/><\/a><\/p>\n","protected":false},"excerpt":{"rendered":"<p>Pour la 3\u00e8me ann\u00e9e cons\u00e9cutive, La Ligue d\u2019Alsace et le Comit\u00e9 D\u00e9partemental 67 se sont associ\u00e9s avec la Ligue d\u2019Alsace du Sport Adapt\u00e9 pour organiser leur Championnat d\u2019Alsace de tennis de table. L&rsquo;\u00e9dition 2015 de cette comp\u00e9tition a eu lieu ce jeudi 16 avril au Hall de l\u2019AGR (3 quai Ernest Bevin, 67000 Strasbourg), en &hellip; <\/p>\n<p><a class=\"more-link btn\" href=\"https:\/\/www.lembach.fr\/mairie\/2015\/04\/16\/un-sportif-medaille\/\">Lire la suite<\/a><\/p>\n","protected":false},"author":1,"featured_media":0,"comment_status":"closed","ping_status":"closed","sticky":false,"template":"","format":"standard","meta":{"footnotes":""},"categories":[12],"tags":[],"class_list":["post-3061","post","type-post","status-publish","format-standard","hentry","category-informations","item-wrap"],"_links":{"self":[{"href":"https:\/\/www.lembach.fr\/mairie\/wp-json\/wp\/v2\/posts\/3061","targetHints":{"allow":["GET"]}}],"collection":[{"href":"https:\/\/www.lembach.fr\/mairie\/wp-json\/wp\/v2\/posts"}],"about":[{"href":"https:\/\/www.lembach.fr\/mairie\/wp-json\/wp\/v2\/types\/post"}],"author":[{"embeddable":true,"href":"https:\/\/www.lembach.fr\/mairie\/wp-json\/wp\/v2\/users\/1"}],"replies":[{"embeddable":true,"href":"https:\/\/www.lembach.fr\/mairie\/wp-json\/wp\/v2\/comments?post=3061"}],"version-history":[{"count":0,"href":"https:\/\/www.lembach.fr\/mairie\/wp-json\/wp\/v2\/posts\/3061\/revisions"}],"wp:attachment":[{"href":"https:\/\/www.lembach.fr\/mairie\/wp-json\/wp\/v2\/media?parent=3061"}],"wp:term":[{"taxonomy":"category","embeddable":true,"href":"https:\/\/www.lembach.fr\/mairie\/wp-json\/wp\/v2\/categories?post=3061"},{"taxonomy":"post_tag","embeddable":true,"href":"https:\/\/www.lembach.fr\/mairie\/wp-json\/wp\/v2\/tags?post=3061"}],"curies":[{"name":"wp","href":"https:\/\/api.w.org\/{rel}","templated":true}]}}