{"id":3047,"date":"2015-04-09T11:33:14","date_gmt":"2015-04-09T10:33:14","guid":{"rendered":"http:\/\/www.lembach.fr\/mairie\/?p=3047"},"modified":"2015-04-09T11:39:13","modified_gmt":"2015-04-09T10:39:13","slug":"un-hongkongais-de-passage-a-lembach","status":"publish","type":"post","link":"https:\/\/www.lembach.fr\/mairie\/2015\/04\/09\/un-hongkongais-de-passage-a-lembach\/","title":{"rendered":"Un Hongkongais de passage \u00e0 Lembach"},"content":{"rendered":"<h2>Ce mercredi 7 avril, Catherine prend son service de nettoyage de la mairie comme d\u2019habitude, \u00e0 6h. Il fait encore nuit. Son regard est attir\u00e9 par un v\u00e9lo pos\u00e9 contre le banc sous le balcon. Sur le banc, un grand sac de couchage. Dans le sac presque compl\u00e8tement ferm\u00e9, une silhouette humaine qui l\u2019intrigue. Mais le service l\u2019appelle.<\/h2>\n<p>Le jour se l\u00e8ve, la temp\u00e9rature est inf\u00e9rieure \u00e0 0\u00b0. Catherine n\u2019est pas tranquille. La silhouette ne bouge pas. Catherine s\u2019inqui\u00e8te. Nos trois secr\u00e9taires arrivent et la rassurent. L\u2019heure tourne, le maire arrive et sous forme de boutade, propose de pr\u00e9lever au moins la taxe de s\u00e9jour pour une nuit\u00e9e sur le banc communal. Au r\u00e9veil du touriste, \u00e9videmment.<\/p>\n<p>10h : le soleil commence \u00e0 r\u00e9chauffer la place. Le sac de couchage ne bouge toujours pas. Cette fois-ci, Catherine se rapproche encore un peu plus du banc. Notre touriste se r\u00e9veille, sort de son sac, se l\u00e8ve et frotte le dernier sommeil de ses yeux. Catherine lui tend un Weckele, lui parle en fran\u00e7ais, puis en allemand. Son silence la rassure pourtant : le Weckele bienvenu, englouti avec app\u00e9tit, parle \u00e0 sa place.<\/p>\n<p style=\"text-align: center;\"><img loading=\"lazy\" decoding=\"async\" class=\"aligncenter size-full wp-image-3051\" src=\"http:\/\/www.lembach.fr\/mairie\/wp-content\/uploads\/2015\/04\/hong_kong.jpg\" alt=\"hong_kong\" width=\"400\" height=\"300\" srcset=\"https:\/\/www.lembach.fr\/mairie\/wp-content\/uploads\/2015\/04\/hong_kong.jpg 400w, https:\/\/www.lembach.fr\/mairie\/wp-content\/uploads\/2015\/04\/hong_kong-300x225.jpg 300w\" sizes=\"auto, (max-width: 400px) 100vw, 400px\" \/><\/p>\n<p>Notre homme \u2013 35 ans \u2013 vient de Hong Kong. Il a enfourch\u00e9 son v\u00e9lo hyper-charg\u00e9 d\u2019Afrique du Sud il y a 8 mois. Il a travers\u00e9 toute l\u2019Afrique, p\u00e9dal\u00e9 parfois tr\u00e8s vite lorsque les lions de Tanzanie r\u00f4daient. Sa feuille de route : une simple feuille mentionnant en chinois et en anglais les noms des pays travers\u00e9s et des bouts de pages d\u2019un cahier sur lequel sont \u00e9crits au crayon les noms des villes travers\u00e9es. Pour rejoindre l\u2019Europe, il pensait passer par la Russie et l\u2019Ukraine qu\u2019il a \u00e9vit\u00e9es \u2013 les balles des hommes sont plus dangereuses que les griffes des lions. Il a donc choisi la Turquie puis la Gr\u00e8ce, la Mac\u00e9doine, la Hongrie, l\u2019Autriche, l\u2019Allemagne. L\u2019\u00e9tape nocturne de Lembach est une des derni\u00e8res avant de rejoindre par Metz et Letzebuerg (sic) Bruxelles\/Bruessel o\u00f9 il a rendez-vous avec son oncle qui sans doute l\u2019h\u00e9bergera un temps, lui permettra de manger autre chose que les petits pains et la confiture tir\u00e9s de sa sacoche et lui pr\u00eatera l\u2019argent qui lui manque depuis que son porte feuille lui a \u00e9t\u00e9 vol\u00e9 en Afrique. Puis il repartira vers l\u2019Est par le m\u00eame chemin, la Gr\u00e8ce, la Turquie, l\u2019Afghanistan, la Chine, \u00e0 raison de 100 kms par jour pour rejoindre Hong Kong.<\/p>\n<p style=\"text-align: left;\">Notre voyageur se souviendra sans doute de ce r\u00e9veil chaleureux au bout d\u2019une nuit glaciale \u00e0 Lembach. St\u00e9phanie, qui a pris son service il y a juste huit jours, aussi. Quant \u00e0 Catherine, elle r\u00eave d\u2019imiter Joseph M\u00e9ry en \u00e9crivant \u00ab Un Chinois \u00e0 Lembach \u00bb.<\/p>\n<p style=\"text-align: right;\">Charles Schlosser \u2013 08\/04\/2015<\/p>\n<p style=\"text-align: center;\"><img loading=\"lazy\" decoding=\"async\" class=\"aligncenter size-full wp-image-3048\" src=\"http:\/\/www.lembach.fr\/mairie\/wp-content\/uploads\/2015\/04\/hong_kong_panorama.jpg\" alt=\"hong_kong_panorama\" width=\"640\" height=\"106\" srcset=\"https:\/\/www.lembach.fr\/mairie\/wp-content\/uploads\/2015\/04\/hong_kong_panorama.jpg 640w, https:\/\/www.lembach.fr\/mairie\/wp-content\/uploads\/2015\/04\/hong_kong_panorama-300x50.jpg 300w\" sizes=\"auto, (max-width: 640px) 100vw, 640px\" \/><\/p>\n","protected":false},"excerpt":{"rendered":"<p>Ce mercredi 7 avril, Catherine prend son service de nettoyage de la mairie comme d\u2019habitude, \u00e0 6h. Il fait encore nuit. Son regard est attir\u00e9 par un v\u00e9lo pos\u00e9 contre le banc sous le balcon. Sur le banc, un grand sac de couchage. Dans le sac presque compl\u00e8tement ferm\u00e9, une silhouette humaine qui l\u2019intrigue. Mais &hellip; <\/p>\n<p><a class=\"more-link btn\" href=\"https:\/\/www.lembach.fr\/mairie\/2015\/04\/09\/un-hongkongais-de-passage-a-lembach\/\">Lire la suite<\/a><\/p>\n","protected":false},"author":1,"featured_media":0,"comment_status":"closed","ping_status":"closed","sticky":false,"template":"","format":"standard","meta":{"footnotes":""},"categories":[12],"tags":[],"class_list":["post-3047","post","type-post","status-publish","format-standard","hentry","category-informations","item-wrap"],"_links":{"self":[{"href":"https:\/\/www.lembach.fr\/mairie\/wp-json\/wp\/v2\/posts\/3047","targetHints":{"allow":["GET"]}}],"collection":[{"href":"https:\/\/www.lembach.fr\/mairie\/wp-json\/wp\/v2\/posts"}],"about":[{"href":"https:\/\/www.lembach.fr\/mairie\/wp-json\/wp\/v2\/types\/post"}],"author":[{"embeddable":true,"href":"https:\/\/www.lembach.fr\/mairie\/wp-json\/wp\/v2\/users\/1"}],"replies":[{"embeddable":true,"href":"https:\/\/www.lembach.fr\/mairie\/wp-json\/wp\/v2\/comments?post=3047"}],"version-history":[{"count":0,"href":"https:\/\/www.lembach.fr\/mairie\/wp-json\/wp\/v2\/posts\/3047\/revisions"}],"wp:attachment":[{"href":"https:\/\/www.lembach.fr\/mairie\/wp-json\/wp\/v2\/media?parent=3047"}],"wp:term":[{"taxonomy":"category","embeddable":true,"href":"https:\/\/www.lembach.fr\/mairie\/wp-json\/wp\/v2\/categories?post=3047"},{"taxonomy":"post_tag","embeddable":true,"href":"https:\/\/www.lembach.fr\/mairie\/wp-json\/wp\/v2\/tags?post=3047"}],"curies":[{"name":"wp","href":"https:\/\/api.w.org\/{rel}","templated":true}]}}