{"id":2946,"date":"2015-01-22T00:07:22","date_gmt":"2015-01-21T22:07:22","guid":{"rendered":"http:\/\/www.lembach.fr\/mairie\/?p=2946"},"modified":"2015-01-22T00:11:19","modified_gmt":"2015-01-21T22:11:19","slug":"france-3-enquete-de-region","status":"publish","type":"post","link":"https:\/\/www.lembach.fr\/mairie\/2015\/01\/22\/france-3-enquete-de-region\/","title":{"rendered":"France 3 : \u00ab\u00a0Enqu\u00eate de r\u00e9gion\u00a0\u00bb"},"content":{"rendered":"<p>Nous venons d&rsquo;apprendre les dates de diffusion de l\u2019\u00e9mission \u00ab Enqu\u00eate de r\u00e9gion \u00bb dans laquelle appara\u00eet un reportage concernant notre commune :<\/p>\n<div class=\"alert alert-success\" role=\"alert\"><p class=\"printonly\"><strong>Important!<\/strong><\/p>\n<h2 style=\"text-align: center;\"><strong><span style=\"color: #ff0000;\">Vendredi 30 janvier \u00e0 23h10<\/span><\/strong><\/h2>\n<h2 style=\"text-align: center;\"><strong><span style=\"color: #ff0000;\">&amp; Jeudi 5 f\u00e9vrier \u00e0 8h50<\/span><\/strong><\/h2>\n<\/div>\n<p>Il s\u2019agit d\u2019un sujet de 8 minutes sur \u00ab La Poste, service public et ruralit\u00e9 \u00bb int\u00e9gr\u00e9 \u00e0 cette \u00e9mission de 55\u2019 d\u00e9di\u00e9e \u00e0 la ruralit\u00e9 et diffus\u00e9 sur le grand Est, de Lille \u00e0 Dijon.<\/p>\n<p>La partie sur La Poste a \u00e9t\u00e9 tourn\u00e9e en Alsace, avec des interviews de la d\u00e9l\u00e9gu\u00e9 r\u00e9gionale du Groupe La Poste, de facteurs, de g\u00e9rants d\u2019Agences postales et relais poste, d\u2019\u00e9lus en diff\u00e9rentes s\u00e9quences du Nord et le Sud Alsace :<\/p>\n<ul>\n<li>La tourn\u00e9e d&rsquo;une factrice rurale \u00e0 Schoenenbourg avec un relevage de compteur butagaz.<\/li>\n<li><strong>l\u2019agence postale \u00e0 l\u2019office de tourisme de Lembach<\/strong>.<\/li>\n<li>le relais poste commer\u00e7ant de Beinheim.<\/li>\n<li>la plate-forme courrier de la Thur et un d\u00e9part en tourn\u00e9e \u00e0 Aspach<\/li>\n<li>le relais poste \u00e0 l\u2019Ehpad d&rsquo;Hochstatt<\/li>\n<li>l\u2019agence postale communale de Houssen.<\/li>\n<\/ul>\n<p><img loading=\"lazy\" decoding=\"async\" class=\"aligncenter size-full wp-image-2947\" style=\"border: 0pt none;\" src=\"http:\/\/www.lembach.fr\/mairie\/wp-content\/uploads\/2015\/01\/france3.png\" alt=\"france3\" width=\"140\" height=\"242\" \/><\/p>\n","protected":false},"excerpt":{"rendered":"<p>Nous venons d&rsquo;apprendre les dates de diffusion de l\u2019\u00e9mission \u00ab Enqu\u00eate de r\u00e9gion \u00bb dans laquelle appara\u00eet un reportage concernant notre commune : Il s\u2019agit d\u2019un sujet de 8 minutes sur \u00ab La Poste, service public et ruralit\u00e9 \u00bb int\u00e9gr\u00e9 \u00e0 cette \u00e9mission de 55\u2019 d\u00e9di\u00e9e \u00e0 la ruralit\u00e9 et diffus\u00e9 sur le grand Est, &hellip; <\/p>\n<p><a class=\"more-link btn\" href=\"https:\/\/www.lembach.fr\/mairie\/2015\/01\/22\/france-3-enquete-de-region\/\">Lire la suite<\/a><\/p>\n","protected":false},"author":1,"featured_media":0,"comment_status":"closed","ping_status":"closed","sticky":false,"template":"","format":"standard","meta":{"footnotes":""},"categories":[18],"tags":[],"class_list":["post-2946","post","type-post","status-publish","format-standard","hentry","category-multimedia","item-wrap"],"_links":{"self":[{"href":"https:\/\/www.lembach.fr\/mairie\/wp-json\/wp\/v2\/posts\/2946","targetHints":{"allow":["GET"]}}],"collection":[{"href":"https:\/\/www.lembach.fr\/mairie\/wp-json\/wp\/v2\/posts"}],"about":[{"href":"https:\/\/www.lembach.fr\/mairie\/wp-json\/wp\/v2\/types\/post"}],"author":[{"embeddable":true,"href":"https:\/\/www.lembach.fr\/mairie\/wp-json\/wp\/v2\/users\/1"}],"replies":[{"embeddable":true,"href":"https:\/\/www.lembach.fr\/mairie\/wp-json\/wp\/v2\/comments?post=2946"}],"version-history":[{"count":0,"href":"https:\/\/www.lembach.fr\/mairie\/wp-json\/wp\/v2\/posts\/2946\/revisions"}],"wp:attachment":[{"href":"https:\/\/www.lembach.fr\/mairie\/wp-json\/wp\/v2\/media?parent=2946"}],"wp:term":[{"taxonomy":"category","embeddable":true,"href":"https:\/\/www.lembach.fr\/mairie\/wp-json\/wp\/v2\/categories?post=2946"},{"taxonomy":"post_tag","embeddable":true,"href":"https:\/\/www.lembach.fr\/mairie\/wp-json\/wp\/v2\/tags?post=2946"}],"curies":[{"name":"wp","href":"https:\/\/api.w.org\/{rel}","templated":true}]}}