{"id":2922,"date":"2015-01-10T20:06:45","date_gmt":"2015-01-10T18:06:45","guid":{"rendered":"http:\/\/www.lembach.fr\/mairie\/?p=2922"},"modified":"2015-01-11T19:14:07","modified_gmt":"2015-01-11T17:14:07","slug":"discours-de-m-le-maire-du-10-janvier","status":"publish","type":"post","link":"https:\/\/www.lembach.fr\/mairie\/2015\/01\/10\/discours-de-m-le-maire-du-10-janvier\/","title":{"rendered":"Discours de M. le Maire du 10 janvier"},"content":{"rendered":"<div id=\"attachment_2925\" style=\"width: 439px\" class=\"wp-caption aligncenter\"><img loading=\"lazy\" decoding=\"async\" aria-describedby=\"caption-attachment-2925\" class=\"wp-image-2925 size-full\" src=\"http:\/\/www.lembach.fr\/mairie\/wp-content\/uploads\/2015\/01\/plantu.png\" alt=\"plantu\" width=\"439\" height=\"277\" srcset=\"https:\/\/www.lembach.fr\/mairie\/wp-content\/uploads\/2015\/01\/plantu.png 439w, https:\/\/www.lembach.fr\/mairie\/wp-content\/uploads\/2015\/01\/plantu-300x189.png 300w\" sizes=\"auto, (max-width: 439px) 100vw, 439px\" \/><p id=\"caption-attachment-2925\" class=\"wp-caption-text\">Le dessin de Plantu \u00e0 la Une du \u00ab\u00a0Monde\u00a0\u00bb du 9 janvier 2014<\/p><\/div>\n<p>&nbsp;<\/p>\n<p>Madame, Monsieur, Chers Enfants, chers Amis,<\/p>\n<p style=\"text-align: justify;\">La France est en deuil, comme le montrent nos drapeaux mis en berne pour trois jours. Elle est en deuil parce que la libert\u00e9 qu\u2019elle incarne a \u00e9t\u00e9 la cible d\u2019armes criminelles qui ont caus\u00e9 la mort de dix-sept personnes dont 5 journalistes, et deux policiers, l\u2019un abattu en m\u00eame temps que ces derniers et une deuxi\u00e8me par les criminels en fuite.<\/p>\n<p style=\"text-align: justify;\">S\u2019attaquer \u00e0 un journal satirique fut-il extr\u00eame c\u2019est s\u2019attaquer \u00e0 une libert\u00e9 qui ne se n\u00e9gocie pas, celle de la pens\u00e9e, celle de l\u2019expression, celle de la presse. La menace pesait sur Charlie Hebdo. Malgr\u00e9 la protection polici\u00e8re de son directeur, personne pourtant n\u2019aurait pu imaginer que des Fran\u00e7ais qui se revendiquaient comme tels puissent avoir recours \u00e0 l\u2019arme et la violence guerri\u00e8res pour mettre cette menace \u00e0 ex\u00e9cution. Prendre des gens en otage c\u2019est violer leur libert\u00e9, droit fondamental de chaque citoyen.<\/p>\n<p style=\"text-align: justify;\">Le glas qui vient de sonner du haut de nos deux \u00e9glises est le symbole de notre tristesse, de notre sympathie pour les victimes et de notre soutien \u00e0 un journal dont les terroristes n\u2019ont pas sign\u00e9 l\u2019acte de la mort mais celui de la vie.<\/p>\n<p style=\"text-align: justify;\">La France est en deuil mais elle ne se r\u00e9signe pas. Les nombreuses initiatives exprim\u00e9es d\u00e8s l\u2019annonce du crime sous forme de messages, de rassemblements, de marches silencieuses traduisent la volont\u00e9 des Fran\u00e7aises et des Fran\u00e7ais \u00e0 la fois de se montrer solidaires avec les victimes et leurs familles mais aussi et surtout de manifester leur attachement \u00e0 la r\u00e9publique et \u00e0 ses valeurs. Parmi celle-ci il y a la la\u00efcit\u00e9, parmi celle \u2013ci, il ya aussi l\u2019engagement de d\u00e9fendre l\u2019expression religieuse. Toute d\u00e9rive doit \u00eatre combattue. C\u2019est l\u00e0 le message clair que nous devons retenir aujourd\u2019hui des \u00e9v\u00e9nements de ces derniers jours. L\u2019intol\u00e9rance, le fanatisme, l\u2019obscurantisme sont les ennemis de la d\u00e9mocratie.<\/p>\n<p style=\"text-align: justify;\">La France a aujourd\u2019hui plus que jamais besoin de s\u2019unir autour des principes que je viens de rappeler. Il serait dangereux \u2013 et ce serait une deuxi\u00e8me balle tir\u00e9e en plein c\u0153ur des Charb, Cabu, Wolinsky,Tignoux,Honor\u00e9, Maris, Renaud, Cayat, Ourrad, Brinsolaro, Merabet, Boisseau et des victimes d\u2019hier dont nous ignorons encore l\u2019identit\u00e9 \u2013 oui il serait dangereux de s\u2019attaquer \u00e0 l\u2019islam et la religion musulmane en tant que telle \u2013 et d\u2019adopter des positions de rejet ou de vengeance \u00e0 l\u2019\u00e9gard des croyants de cette religion. A travers les balles meurtri\u00e8res des assassins de la rue Appert et de la porte de Vincennes , ce n\u2019est pas le Coran qui a parl\u00e9 mais ceux qui le manipulent et l\u2019instrumentalisent. La moindre faiblesse de notre reconnaissance aux valeurs r\u00e9publicaines ferait la force de ses opposants. La France aujourd\u2019hui ne doit \u00eatre ni de droite ou de gauche, elle doit \u00eatre une.<\/p>\n<p style=\"text-align: justify;\">La France n\u2019est pas seule. L\u2019Europe et au-del\u00e0 de notre continent le monde libre et responsable est \u00e0 ses c\u00f4t\u00e9s. Cette solidarit\u00e9 nous est utile et n\u00e9cessaire \u00e0 un moment si douloureux suite \u00e0 un acte dont nous ne mesurons aujourd\u2019hui pas encore vraiment les cons\u00e9quences.<\/p>\n<p style=\"text-align: justify;\">Votre pr\u00e9sence ce matin t\u00e9moigne de la gravit\u00e9 et l\u2019\u00e9motion avec lesquelles vous avez pris connaissances des \u00e9v\u00e9nements de mercredi dernier. Soyez-en remerci\u00e9s.<\/p>\n<p style=\"text-align: justify;\">Ce matin nous sommes tous Charlie. Vive la libert\u00e9, vive la R\u00e9publique, vive la d\u00e9mocratie.<\/p>\n<p>&nbsp;<\/p>\n<p style=\"text-align: right;\">Charles Schlosser<\/p>\n","protected":false},"excerpt":{"rendered":"<p>&nbsp; Madame, Monsieur, Chers Enfants, chers Amis, La France est en deuil, comme le montrent nos drapeaux mis en berne pour trois jours. Elle est en deuil parce que la libert\u00e9 qu\u2019elle incarne a \u00e9t\u00e9 la cible d\u2019armes criminelles qui ont caus\u00e9 la mort de dix-sept personnes dont 5 journalistes, et deux policiers, l\u2019un abattu &hellip; <\/p>\n<p><a class=\"more-link btn\" href=\"https:\/\/www.lembach.fr\/mairie\/2015\/01\/10\/discours-de-m-le-maire-du-10-janvier\/\">Lire la suite<\/a><\/p>\n","protected":false},"author":1,"featured_media":0,"comment_status":"closed","ping_status":"closed","sticky":false,"template":"","format":"standard","meta":{"footnotes":""},"categories":[7],"tags":[],"class_list":["post-2922","post","type-post","status-publish","format-standard","hentry","category-manifestations","item-wrap"],"_links":{"self":[{"href":"https:\/\/www.lembach.fr\/mairie\/wp-json\/wp\/v2\/posts\/2922","targetHints":{"allow":["GET"]}}],"collection":[{"href":"https:\/\/www.lembach.fr\/mairie\/wp-json\/wp\/v2\/posts"}],"about":[{"href":"https:\/\/www.lembach.fr\/mairie\/wp-json\/wp\/v2\/types\/post"}],"author":[{"embeddable":true,"href":"https:\/\/www.lembach.fr\/mairie\/wp-json\/wp\/v2\/users\/1"}],"replies":[{"embeddable":true,"href":"https:\/\/www.lembach.fr\/mairie\/wp-json\/wp\/v2\/comments?post=2922"}],"version-history":[{"count":0,"href":"https:\/\/www.lembach.fr\/mairie\/wp-json\/wp\/v2\/posts\/2922\/revisions"}],"wp:attachment":[{"href":"https:\/\/www.lembach.fr\/mairie\/wp-json\/wp\/v2\/media?parent=2922"}],"wp:term":[{"taxonomy":"category","embeddable":true,"href":"https:\/\/www.lembach.fr\/mairie\/wp-json\/wp\/v2\/categories?post=2922"},{"taxonomy":"post_tag","embeddable":true,"href":"https:\/\/www.lembach.fr\/mairie\/wp-json\/wp\/v2\/tags?post=2922"}],"curies":[{"name":"wp","href":"https:\/\/api.w.org\/{rel}","templated":true}]}}