{"id":2827,"date":"2014-11-10T19:45:01","date_gmt":"2014-11-10T17:45:01","guid":{"rendered":"http:\/\/www.lembach.fr\/mairie\/?p=2827"},"modified":"2015-05-30T19:08:53","modified_gmt":"2015-05-30T18:08:53","slug":"journee-de-travaux","status":"publish","type":"post","link":"https:\/\/www.lembach.fr\/mairie\/2014\/11\/10\/journee-de-travaux\/","title":{"rendered":"Journ\u00e9e de travaux"},"content":{"rendered":"<p>Comme il est de tradition \u00e0 Lembach, les hommes, \u00e9lus et employ\u00e9s de la commune, se retrouvent au courant de l\u2019automne pour consacrer une journ\u00e9e de travail \u00e0 l\u2019embellissement du village.<\/p>\n<p>Samedi 8 novembre, maire et maire d\u00e9l\u00e9gu\u00e9 en t\u00eate, les conseillers, le personnel technique et le g\u00e9rant du camping se sont r\u00e9partis en trois \u00e9quipes pour mener \u00e0 bien des am\u00e9nagements.<\/p>\n<p>\u00c0 la sortie du village en direction de Mattstall, le monument d\u00e9di\u00e9 aux trois soldats de la 23e BI, qui ont saut\u00e9 sur une mine lors de travaux de d\u00e9minage le 1er mars 1948, a retrouv\u00e9 un nouveau socle, l\u2019ensemble \u00e9tant en train de se disloquer. Au Flecken, pr\u00e8s de l\u2019\u00e9glise protestante sur la place Andr\u00e9-Weckmann \u2013 Schulplatzel, la st\u00e8le a \u00e9t\u00e9 mise en valeur avec un pavage autour de sa base.<\/p>\n<p>La troisi\u00e8me \u00e9quipe s\u2019est attel\u00e9e \u00e0 la mise en valeur du lavoir du quai du Heimbach en direction de l\u2019\u00e9cole. Une nouvelle \u00ab Pritsch \u00bb a \u00e9t\u00e9 mise place, rappelant ainsi l\u2019existence de ce lavoir utilis\u00e9 jusque dans les ann\u00e9es 1970.<\/p>\n<p>Toutes ces petites am\u00e9liorations \u00e0 bon compte, ne font pas seulement plaisir aux habitants de Lembach mais repr\u00e9sentent une valeur ajout\u00e9e patrimoniale au b\u00e9n\u00e9fice du tourisme, principale source de revenus dans la haute vall\u00e9e de la Sauer.<\/p>\n<p style=\"text-align: right;\">Texte et photo : Hubert Kettering<\/p>\n<p style=\"text-align: left;\"><img loading=\"lazy\" decoding=\"async\" class=\"aligncenter size-full wp-image-2829\" src=\"http:\/\/www.lembach.fr\/mairie\/wp-content\/uploads\/2014\/11\/travaux.jpg\" alt=\"travaux\" width=\"500\" height=\"311\" srcset=\"https:\/\/www.lembach.fr\/mairie\/wp-content\/uploads\/2014\/11\/travaux.jpg 500w, https:\/\/www.lembach.fr\/mairie\/wp-content\/uploads\/2014\/11\/travaux-300x186.jpg 300w\" sizes=\"auto, (max-width: 500px) 100vw, 500px\" \/><\/p>\n<p style=\"text-align: left;\">\n","protected":false},"excerpt":{"rendered":"<p>Comme il est de tradition \u00e0 Lembach, les hommes, \u00e9lus et employ\u00e9s de la commune, se retrouvent au courant de l\u2019automne pour consacrer une journ\u00e9e de travail \u00e0 l\u2019embellissement du village. Samedi 8 novembre, maire et maire d\u00e9l\u00e9gu\u00e9 en t\u00eate, les conseillers, le personnel technique et le g\u00e9rant du camping se sont r\u00e9partis en trois &hellip; <\/p>\n<p><a class=\"more-link btn\" href=\"https:\/\/www.lembach.fr\/mairie\/2014\/11\/10\/journee-de-travaux\/\">Lire la suite<\/a><\/p>\n","protected":false},"author":1,"featured_media":0,"comment_status":"closed","ping_status":"closed","sticky":false,"template":"","format":"standard","meta":{"footnotes":""},"categories":[6],"tags":[],"class_list":["post-2827","post","type-post","status-publish","format-standard","hentry","category-activites","item-wrap"],"_links":{"self":[{"href":"https:\/\/www.lembach.fr\/mairie\/wp-json\/wp\/v2\/posts\/2827","targetHints":{"allow":["GET"]}}],"collection":[{"href":"https:\/\/www.lembach.fr\/mairie\/wp-json\/wp\/v2\/posts"}],"about":[{"href":"https:\/\/www.lembach.fr\/mairie\/wp-json\/wp\/v2\/types\/post"}],"author":[{"embeddable":true,"href":"https:\/\/www.lembach.fr\/mairie\/wp-json\/wp\/v2\/users\/1"}],"replies":[{"embeddable":true,"href":"https:\/\/www.lembach.fr\/mairie\/wp-json\/wp\/v2\/comments?post=2827"}],"version-history":[{"count":0,"href":"https:\/\/www.lembach.fr\/mairie\/wp-json\/wp\/v2\/posts\/2827\/revisions"}],"wp:attachment":[{"href":"https:\/\/www.lembach.fr\/mairie\/wp-json\/wp\/v2\/media?parent=2827"}],"wp:term":[{"taxonomy":"category","embeddable":true,"href":"https:\/\/www.lembach.fr\/mairie\/wp-json\/wp\/v2\/categories?post=2827"},{"taxonomy":"post_tag","embeddable":true,"href":"https:\/\/www.lembach.fr\/mairie\/wp-json\/wp\/v2\/tags?post=2827"}],"curies":[{"name":"wp","href":"https:\/\/api.w.org\/{rel}","templated":true}]}}