{"id":2815,"date":"2015-01-10T13:27:07","date_gmt":"2015-01-10T11:27:07","guid":{"rendered":"http:\/\/www.lembach.fr\/mairie\/?p=2815"},"modified":"2014-11-18T13:41:25","modified_gmt":"2014-11-18T11:41:25","slug":"2815","status":"publish","type":"post","link":"https:\/\/www.lembach.fr\/mairie\/2015\/01\/10\/2815\/","title":{"rendered":"Nuit de la thermographie"},"content":{"rendered":"<h2 style=\"text-align: center;\"><span style=\"text-decoration: underline;\"><strong>Les fuites de chaleur sous l\u2019\u0153il de la cam\u00e9ra<\/strong><\/span><\/h2>\n<h2 style=\"text-align: left;\">Vous avez des questions sur l\u2019isolation de votre habitation ? Des travaux \u00e0 entreprendre et besoin de conna\u00eetre les aides financi\u00e8res possibles ? Ou tout simplement envie d\u2019en savoir un peu plus sur la r\u00e9novation \u00e9nerg\u00e9tique ? La soir\u00e9e du<strong> 26 janvier 2015<\/strong> organis\u00e9e sur votre commune est faite pour vous !<\/h2>\n<div class=\"alert alert-success\" role=\"alert\"><p class=\"printonly\"><strong>Important!<\/strong><\/p>\n<h2 style=\"text-align: center;\">Le<span style=\"color: #ff0000;\"><strong> lundi 26 janvier \u00e0 19h \u00e0 Lembach<\/strong><\/span><br \/>\nRendez-vous devant la salle de la mairie<br \/>\n19h &#8211; Balade thermographique (en fonction de la m\u00e9t\u00e9o)<br \/>\n20h &#8211; Les cl\u00e9s de la r\u00e9novation thermique et les aides financi\u00e8res<\/h2>\n<h2 style=\"text-align: center;\">Inscriptions aupr\u00e8s de la mairie<br \/>\nau 03.88.94.42.84<br \/>\nPour toute question sur le contenu de la r\u00e9union,<br \/>\ncontactez le Conseil G\u00e9n\u00e9ral au 03.69.20.75.52<br \/>\nou <strong><a href=\"mailto:logement@cg67.fr\">logement@cg67.fr<\/a><\/strong><\/h2>\n<\/div>\n<p>Comment s\u2019y retrouver au milieu des nombreuses sources d\u2019informations sur les \u00e9conomies d\u2019\u00e9nergie , plus ou moins objectives, qui fleurissent ? Quels sont les travaux les plus efficaces ? Comment proc\u00e9der ?<\/p>\n<p>C\u2019est pour donner des \u00e9l\u00e9ments de r\u00e9ponse que l\u2019association Alter Alsace Energies, en collaboration avec le Pays d\u2019Alsace du Nord et le Conseil G\u00e9n\u00e9ral du Bas-Rhin, propose aux habitants de Kilstett une r\u00e9union d\u2019information ouverte \u00e0 tout public.<\/p>\n<p>La soir\u00e9e d\u00e9butera par un parcours dans les rues de la commune. Un thermicien qualifi\u00e9, gr\u00e2ce \u00e0 une cam\u00e9ra thermique, interpr\u00e8tera les images en direct et vous montrera concr\u00e8tement les fuites d\u2019\u00e9nergie de diff\u00e9rentes maisons.<\/p>\n<p><a href=\"http:\/\/www.lembach.fr\/mairie\/wp-content\/uploads\/2014\/11\/thermographie2.jpg\"><img loading=\"lazy\" decoding=\"async\" class=\"aligncenter size-full wp-image-2817\" src=\"http:\/\/www.lembach.fr\/mairie\/wp-content\/uploads\/2014\/11\/thermographie2.jpg\" alt=\"thermographie2\" width=\"400\" height=\"395\" srcset=\"https:\/\/www.lembach.fr\/mairie\/wp-content\/uploads\/2014\/11\/thermographie2.jpg 400w, https:\/\/www.lembach.fr\/mairie\/wp-content\/uploads\/2014\/11\/thermographie2-300x296.jpg 300w\" sizes=\"auto, (max-width: 400px) 100vw, 400px\" \/><\/a><\/p>\n<p>La deuxi\u00e8me partie se d\u00e9roulera en salle afin d\u2019aborder les solutions et les \u00e9tapes cl\u00e9s de la r\u00e9novation \u00e9nerg\u00e9tique dans l\u2019habitat ainsi que les aides mobilisables pour le financement des travaux.<\/p>\n<p><img loading=\"lazy\" decoding=\"async\" class=\"aligncenter size-full wp-image-2816\" src=\"http:\/\/www.lembach.fr\/mairie\/wp-content\/uploads\/2014\/11\/thermographie1.jpg\" alt=\"thermographie1\" width=\"500\" height=\"718\" srcset=\"https:\/\/www.lembach.fr\/mairie\/wp-content\/uploads\/2014\/11\/thermographie1.jpg 500w, https:\/\/www.lembach.fr\/mairie\/wp-content\/uploads\/2014\/11\/thermographie1-208x300.jpg 208w\" sizes=\"auto, (max-width: 500px) 100vw, 500px\" \/><\/p>\n","protected":false},"excerpt":{"rendered":"<p>Les fuites de chaleur sous l\u2019\u0153il de la cam\u00e9ra Vous avez des questions sur l\u2019isolation de votre habitation ? Des travaux \u00e0 entreprendre et besoin de conna\u00eetre les aides financi\u00e8res possibles ? Ou tout simplement envie d\u2019en savoir un peu plus sur la r\u00e9novation \u00e9nerg\u00e9tique ? La soir\u00e9e du 26 janvier 2015 organis\u00e9e sur votre &hellip; <\/p>\n<p><a class=\"more-link btn\" href=\"https:\/\/www.lembach.fr\/mairie\/2015\/01\/10\/2815\/\">Lire la suite<\/a><\/p>\n","protected":false},"author":1,"featured_media":0,"comment_status":"closed","ping_status":"closed","sticky":false,"template":"","format":"standard","meta":{"footnotes":""},"categories":[15],"tags":[],"class_list":["post-2815","post","type-post","status-publish","format-standard","hentry","category-conferences","item-wrap"],"_links":{"self":[{"href":"https:\/\/www.lembach.fr\/mairie\/wp-json\/wp\/v2\/posts\/2815","targetHints":{"allow":["GET"]}}],"collection":[{"href":"https:\/\/www.lembach.fr\/mairie\/wp-json\/wp\/v2\/posts"}],"about":[{"href":"https:\/\/www.lembach.fr\/mairie\/wp-json\/wp\/v2\/types\/post"}],"author":[{"embeddable":true,"href":"https:\/\/www.lembach.fr\/mairie\/wp-json\/wp\/v2\/users\/1"}],"replies":[{"embeddable":true,"href":"https:\/\/www.lembach.fr\/mairie\/wp-json\/wp\/v2\/comments?post=2815"}],"version-history":[{"count":0,"href":"https:\/\/www.lembach.fr\/mairie\/wp-json\/wp\/v2\/posts\/2815\/revisions"}],"wp:attachment":[{"href":"https:\/\/www.lembach.fr\/mairie\/wp-json\/wp\/v2\/media?parent=2815"}],"wp:term":[{"taxonomy":"category","embeddable":true,"href":"https:\/\/www.lembach.fr\/mairie\/wp-json\/wp\/v2\/categories?post=2815"},{"taxonomy":"post_tag","embeddable":true,"href":"https:\/\/www.lembach.fr\/mairie\/wp-json\/wp\/v2\/tags?post=2815"}],"curies":[{"name":"wp","href":"https:\/\/api.w.org\/{rel}","templated":true}]}}