{"id":2758,"date":"2014-10-21T17:42:57","date_gmt":"2014-10-21T15:42:57","guid":{"rendered":"http:\/\/www.lembach.fr\/mairie\/?p=2758"},"modified":"2014-10-21T17:43:46","modified_gmt":"2014-10-21T15:43:46","slug":"soirees-waschpritsch","status":"publish","type":"post","link":"https:\/\/www.lembach.fr\/mairie\/2014\/10\/21\/soirees-waschpritsch\/","title":{"rendered":"Soir\u00e9es \u00ab\u00a0Waschpritsch\u00a0\u00bb"},"content":{"rendered":"<p>La troupe du pr\u00e9sident St\u00e9phane Jost vous propose deux soir\u00e9es exceptionnelles avec reprise de leur prestation Hommage \u00e0 Germain Muller \u00e0 la Choucrouterie du dimanche 12 octobre.<\/p>\n<div class=\"alert alert-success\" role=\"alert\"><p class=\"printonly\"><strong>Important!<\/strong><\/p>\n<h2 style=\"text-align: center;\"><strong><span style=\"color: #ff0000;\">vendredi 14 et<br \/>\nsamedi 15 novembre<\/span><\/strong><br \/>\n<strong><span style=\"color: #ff0000;\">dans la salle de la Mairie<br \/>\n<\/span><\/strong><\/h2>\n<\/div>\n<p><img loading=\"lazy\" decoding=\"async\" class=\"aligncenter size-full wp-image-2759\" src=\"http:\/\/www.lembach.fr\/mairie\/wp-content\/uploads\/2014\/10\/troupe_waschpritsch.jpg\" alt=\"troupe_waschpritsch\" width=\"670\" height=\"496\" srcset=\"https:\/\/www.lembach.fr\/mairie\/wp-content\/uploads\/2014\/10\/troupe_waschpritsch.jpg 670w, https:\/\/www.lembach.fr\/mairie\/wp-content\/uploads\/2014\/10\/troupe_waschpritsch-300x222.jpg 300w\" sizes=\"auto, (max-width: 670px) 100vw, 670px\" \/><\/p>\n","protected":false},"excerpt":{"rendered":"<p>La troupe du pr\u00e9sident St\u00e9phane Jost vous propose deux soir\u00e9es exceptionnelles avec reprise de leur prestation Hommage \u00e0 Germain Muller \u00e0 la Choucrouterie du dimanche 12 octobre.<\/p>\n","protected":false},"author":1,"featured_media":0,"comment_status":"closed","ping_status":"closed","sticky":false,"template":"","format":"standard","meta":{"footnotes":""},"categories":[7],"tags":[],"class_list":["post-2758","post","type-post","status-publish","format-standard","hentry","category-manifestations","item-wrap"],"_links":{"self":[{"href":"https:\/\/www.lembach.fr\/mairie\/wp-json\/wp\/v2\/posts\/2758","targetHints":{"allow":["GET"]}}],"collection":[{"href":"https:\/\/www.lembach.fr\/mairie\/wp-json\/wp\/v2\/posts"}],"about":[{"href":"https:\/\/www.lembach.fr\/mairie\/wp-json\/wp\/v2\/types\/post"}],"author":[{"embeddable":true,"href":"https:\/\/www.lembach.fr\/mairie\/wp-json\/wp\/v2\/users\/1"}],"replies":[{"embeddable":true,"href":"https:\/\/www.lembach.fr\/mairie\/wp-json\/wp\/v2\/comments?post=2758"}],"version-history":[{"count":0,"href":"https:\/\/www.lembach.fr\/mairie\/wp-json\/wp\/v2\/posts\/2758\/revisions"}],"wp:attachment":[{"href":"https:\/\/www.lembach.fr\/mairie\/wp-json\/wp\/v2\/media?parent=2758"}],"wp:term":[{"taxonomy":"category","embeddable":true,"href":"https:\/\/www.lembach.fr\/mairie\/wp-json\/wp\/v2\/categories?post=2758"},{"taxonomy":"post_tag","embeddable":true,"href":"https:\/\/www.lembach.fr\/mairie\/wp-json\/wp\/v2\/tags?post=2758"}],"curies":[{"name":"wp","href":"https:\/\/api.w.org\/{rel}","templated":true}]}}