{"id":2703,"date":"2014-09-15T20:23:09","date_gmt":"2014-09-15T18:23:09","guid":{"rendered":"http:\/\/www.lembach.fr\/mairie\/?p=2703"},"modified":"2014-09-17T11:36:48","modified_gmt":"2014-09-17T09:36:48","slug":"un-champion-du-monde-a-lembach","status":"publish","type":"post","link":"https:\/\/www.lembach.fr\/mairie\/2014\/09\/15\/un-champion-du-monde-a-lembach\/","title":{"rendered":"Un champion du Monde \u00e0 Lembach"},"content":{"rendered":"<h2><a href=\"http:\/\/www.lembach.fr\/mairie\/wp-content\/uploads\/2014\/09\/lucas2.png\"><img loading=\"lazy\" decoding=\"async\" class=\"alignleft wp-image-2705\" src=\"http:\/\/www.lembach.fr\/mairie\/wp-content\/uploads\/2014\/09\/lucas2.png\" alt=\"lucas2\" width=\"161\" height=\"146\" \/><\/a> Dans le bulletin communal de mai, nous avions annonc\u00e9 la participation d&rsquo;un jeune de la commune au Championnat du Monde F3F en planeur radio-command\u00e9 \u00e0 <strong>Donovaly<\/strong> en <strong>Slovaquie<\/strong>.<\/h2>\n<h2>L&rsquo;\u00e9preuve vient de se terminer et nous avons appris avec grande joie, la victoire de Lucas Kugler dans la cat\u00e9gorie Junior.<\/h2>\n<p>&nbsp;<\/p>\n<h2 style=\"text-align: center;\"><img loading=\"lazy\" decoding=\"async\" class=\"aligncenter wp-image-2714 size-full\" src=\"http:\/\/www.lembach.fr\/mairie\/wp-content\/uploads\/2014\/09\/lucas.jpeg\" alt=\"lucas\" width=\"600\" height=\"338\" srcset=\"https:\/\/www.lembach.fr\/mairie\/wp-content\/uploads\/2014\/09\/lucas.jpeg 600w, https:\/\/www.lembach.fr\/mairie\/wp-content\/uploads\/2014\/09\/lucas-300x169.jpeg 300w\" sizes=\"auto, (max-width: 600px) 100vw, 600px\" \/><\/h2>\n<p>Voici ci-dessous le r\u00e9sultat officiel de la FAI :<\/p>\n<p><img loading=\"lazy\" decoding=\"async\" class=\"aligncenter size-full wp-image-2704\" src=\"http:\/\/www.lembach.fr\/mairie\/wp-content\/uploads\/2014\/09\/lucas1.png\" alt=\"lucas1\" width=\"600\" height=\"275\" srcset=\"https:\/\/www.lembach.fr\/mairie\/wp-content\/uploads\/2014\/09\/lucas1.png 600w, https:\/\/www.lembach.fr\/mairie\/wp-content\/uploads\/2014\/09\/lucas1-300x137.png 300w\" sizes=\"auto, (max-width: 600px) 100vw, 600px\" \/><\/p>\n<p>Ci-dessous, la remise des m\u00e9dailles avec un \u00ab\u00a0Marseillaise\u00a0\u00bb en version longue en l&rsquo;honneur de notre fier concitoyen :<\/p>\n<p style=\"text-align: center;\"><iframe loading=\"lazy\" src=\"http:\/\/www.youtube.com\/embed\/H6--xG3BzWk?feature=player_detailpage\" width=\"640\" height=\"360\" frameborder=\"0\" allowfullscreen=\"allowfullscreen\"><\/iframe><\/p>\n<p style=\"text-align: left;\">Les informations sur le d\u00e9roulement des \u00e9preuves \u00e0 Donovaly peuvent \u00eatre consult\u00e9s sur le site officiel de la <strong><a href=\"http:\/\/f3x.sk\/?page_id=40\" target=\"_blank\">F3F <\/a><\/strong>ou sur le blog de la <strong><a href=\"http:\/\/f3fteamfrance.blogspot.fr\/\">F3F Team France.<\/a><\/strong><\/p>\n<p style=\"text-align: left;\">Vous pouvez \u00e9galement voir l&rsquo;article d\u00e9di\u00e9 \u00e0 Lucas avant son exploit, dans le magazine \u00ab\u00a0<em><strong>A\u00e9romod\u00e8les<\/strong><\/em>\u00a0\u00bb en cliquant sur l&rsquo;image ci-dessous :<\/p>\n<h2 style=\"text-align: center;\"><a href=\"http:\/\/www.lembach.fr\/mairie\/wp-content\/uploads\/2014\/09\/aeromodelesportrait.pdf\" target=\"_blank\"><img loading=\"lazy\" decoding=\"async\" class=\"aligncenter wp-image-2711 size-full\" src=\"http:\/\/www.lembach.fr\/mairie\/wp-content\/uploads\/2014\/09\/lucas3.png\" alt=\"lucas3\" width=\"600\" height=\"300\" srcset=\"https:\/\/www.lembach.fr\/mairie\/wp-content\/uploads\/2014\/09\/lucas3.png 600w, https:\/\/www.lembach.fr\/mairie\/wp-content\/uploads\/2014\/09\/lucas3-300x150.png 300w, https:\/\/www.lembach.fr\/mairie\/wp-content\/uploads\/2014\/09\/lucas3-364x182.png 364w\" sizes=\"auto, (max-width: 600px) 100vw, 600px\" \/><\/a><strong>La municipalit\u00e9 adresse ses plus vives f\u00e9licitations<br \/>\n\u00e0 Lucas ainsi qu&rsquo;\u00e0 sa famille pour cet exploit historique !<\/strong><\/h2>\n<p>Afin de vous faire une id\u00e9e de ce qu&rsquo;est le \u00ab\u00a0F3F\u00a0\u00bb voici une vid\u00e9o d&rsquo;un vol de Lucas lors du Championnat de France qui a eu lieu en Ard\u00e8che fin Aout (cliquez sur l&rsquo;image).<br \/>\n<a href=\"https:\/\/vimeo.com\/106302762\" target=\"_blank\"><img loading=\"lazy\" decoding=\"async\" class=\"aligncenter size-full wp-image-2721\" src=\"http:\/\/www.lembach.fr\/mairie\/wp-content\/uploads\/2014\/09\/lucas4.png\" alt=\"lucas4\" width=\"600\" height=\"384\" srcset=\"https:\/\/www.lembach.fr\/mairie\/wp-content\/uploads\/2014\/09\/lucas4.png 600w, https:\/\/www.lembach.fr\/mairie\/wp-content\/uploads\/2014\/09\/lucas4-300x192.png 300w\" sizes=\"auto, (max-width: 600px) 100vw, 600px\" \/><\/a><\/p>\n<p style=\"text-align: left;\">\n","protected":false},"excerpt":{"rendered":"<p>Dans le bulletin communal de mai, nous avions annonc\u00e9 la participation d&rsquo;un jeune de la commune au Championnat du Monde F3F en planeur radio-command\u00e9 \u00e0 Donovaly en Slovaquie. L&rsquo;\u00e9preuve vient de se terminer et nous avons appris avec grande joie, la victoire de Lucas Kugler dans la cat\u00e9gorie Junior. &nbsp; Voici ci-dessous le r\u00e9sultat officiel &hellip; <\/p>\n<p><a class=\"more-link btn\" href=\"https:\/\/www.lembach.fr\/mairie\/2014\/09\/15\/un-champion-du-monde-a-lembach\/\">Lire la suite<\/a><\/p>\n","protected":false},"author":1,"featured_media":0,"comment_status":"closed","ping_status":"closed","sticky":false,"template":"","format":"standard","meta":{"footnotes":""},"categories":[12],"tags":[],"class_list":["post-2703","post","type-post","status-publish","format-standard","hentry","category-informations","item-wrap"],"_links":{"self":[{"href":"https:\/\/www.lembach.fr\/mairie\/wp-json\/wp\/v2\/posts\/2703","targetHints":{"allow":["GET"]}}],"collection":[{"href":"https:\/\/www.lembach.fr\/mairie\/wp-json\/wp\/v2\/posts"}],"about":[{"href":"https:\/\/www.lembach.fr\/mairie\/wp-json\/wp\/v2\/types\/post"}],"author":[{"embeddable":true,"href":"https:\/\/www.lembach.fr\/mairie\/wp-json\/wp\/v2\/users\/1"}],"replies":[{"embeddable":true,"href":"https:\/\/www.lembach.fr\/mairie\/wp-json\/wp\/v2\/comments?post=2703"}],"version-history":[{"count":0,"href":"https:\/\/www.lembach.fr\/mairie\/wp-json\/wp\/v2\/posts\/2703\/revisions"}],"wp:attachment":[{"href":"https:\/\/www.lembach.fr\/mairie\/wp-json\/wp\/v2\/media?parent=2703"}],"wp:term":[{"taxonomy":"category","embeddable":true,"href":"https:\/\/www.lembach.fr\/mairie\/wp-json\/wp\/v2\/categories?post=2703"},{"taxonomy":"post_tag","embeddable":true,"href":"https:\/\/www.lembach.fr\/mairie\/wp-json\/wp\/v2\/tags?post=2703"}],"curies":[{"name":"wp","href":"https:\/\/api.w.org\/{rel}","templated":true}]}}