{"id":2691,"date":"2015-10-28T22:17:42","date_gmt":"2015-10-28T21:17:42","guid":{"rendered":"http:\/\/www.lembach.fr\/mairie\/?p=2691"},"modified":"2015-10-30T11:29:05","modified_gmt":"2015-10-30T10:29:05","slug":"le-periscolaire","status":"publish","type":"post","link":"https:\/\/www.lembach.fr\/mairie\/2015\/10\/28\/le-periscolaire\/","title":{"rendered":"Le p\u00e9riscolaire"},"content":{"rendered":"<p align=\"justify\"><img loading=\"lazy\" decoding=\"async\" class=\"aligncenter size-full wp-image-2323\" src=\"http:\/\/www.lembach.fr\/mairie\/wp-content\/uploads\/2012\/05\/periscolaire.jpg\" alt=\"periscolaire\" width=\"640\" height=\"140\" srcset=\"https:\/\/www.lembach.fr\/mairie\/wp-content\/uploads\/2012\/05\/periscolaire.jpg 640w, https:\/\/www.lembach.fr\/mairie\/wp-content\/uploads\/2012\/05\/periscolaire-300x65.jpg 300w\" sizes=\"auto, (max-width: 640px) 100vw, 640px\" \/><\/p>\n<p align=\"left\"><span style=\"color: #000000;\"><span style=\"font-family: Arial,serif;\"><span style=\"font-size: small;\">Apr\u00e8s une ann\u00e9e scolaire 2014-2015 bouscul\u00e9e par les changements des rythmes scolaires avec\u00a0son lot de questions et d&rsquo;inqui\u00e9tudes, le taux de remplissage de cette nouvelle ann\u00e9e est de 100 % \u00e0 midi : le p\u00e9riscolaire s&rsquo;est refait une sant\u00e9 !<\/span><\/span><\/span><\/p>\n<p align=\"left\"><span style=\"color: #000000;\"><span style=\"font-family: Arial,serif;\"><span style=\"font-size: small;\">Il reste quelques places de disponibles les lundis et mardis soirs&#8230;<\/span><\/span><\/span><\/p>\n<p align=\"left\"><span style=\"color: #000000;\"><span style=\"font-family: Arial,serif;\"><span style=\"font-size: small;\"><u><b>Rappel du programme des activit\u00e9s en soir\u00e9e<\/b><\/u> : \u00a0\u00a0\u00a0<\/span><\/span><\/span><\/p>\n<p align=\"left\"><span style=\"color: #000000;\"><span style=\"font-family: Arial,serif;\"><span style=\"font-size: small;\"> * <i><b>lundi<\/b><\/i> : th\u00e9\u00e2tre de marionnettes<\/span><\/span><\/span><\/p>\n<p align=\"left\"><span style=\"color: #000000;\"><span style=\"font-family: Arial,serif;\"><span style=\"font-size: small;\">* <i><b>jeudi<\/b><\/i> : le pinceau des p&rsquo;tits g\u00e9nies<\/span><\/span><\/span><\/p>\n<p align=\"left\"><span style=\"color: #000000;\"><span style=\"font-family: Arial,serif;\"><span style=\"font-size: small;\"> * <i><b>mardi<\/b><\/i> : le monde du jeu<\/span><\/span><\/span><\/p>\n<p align=\"left\"><span style=\"color: #000000;\"><span style=\"font-family: Arial,serif;\"><span style=\"font-size: small;\">* <i><b>vendredi<\/b><\/i> : les recettes de mamie.<\/span><\/span><\/span><\/p>\n<p align=\"center\"><span style=\"color: #000000;\"><span style=\"font-family: Arial,serif;\"><span style=\"font-size: small;\"><i><b>A ne pas manquer : le programme sp\u00e9cial No\u00ebl apr\u00e8s les vacances de Toussaint !<\/b><\/i><\/span><\/span><\/span><\/p>\n<p>&nbsp;<\/p>\n<p align=\"justify\"><img loading=\"lazy\" decoding=\"async\" class=\"aligncenter size-full wp-image-2324\" style=\"border: 0pt none;\" src=\"http:\/\/www.lembach.fr\/mairie\/wp-content\/uploads\/2012\/05\/accueil_periscolaire.gif\" alt=\"accueil_periscolaire\" width=\"200\" height=\"144\" \/><\/p>\n<p align=\"justify\">\n","protected":false},"excerpt":{"rendered":"<p>Apr\u00e8s une ann\u00e9e scolaire 2014-2015 bouscul\u00e9e par les changements des rythmes scolaires avec\u00a0son lot de questions et d&rsquo;inqui\u00e9tudes, le taux de remplissage de cette nouvelle ann\u00e9e est de 100 % \u00e0 midi : le p\u00e9riscolaire s&rsquo;est refait une sant\u00e9 ! Il reste quelques places de disponibles les lundis et mardis soirs&#8230; Rappel du programme des &hellip; <\/p>\n<p><a class=\"more-link btn\" href=\"https:\/\/www.lembach.fr\/mairie\/2015\/10\/28\/le-periscolaire\/\">Lire la suite<\/a><\/p>\n","protected":false},"author":1,"featured_media":0,"comment_status":"closed","ping_status":"closed","sticky":false,"template":"","format":"standard","meta":{"footnotes":""},"categories":[12],"tags":[],"class_list":["post-2691","post","type-post","status-publish","format-standard","hentry","category-informations","item-wrap"],"_links":{"self":[{"href":"https:\/\/www.lembach.fr\/mairie\/wp-json\/wp\/v2\/posts\/2691","targetHints":{"allow":["GET"]}}],"collection":[{"href":"https:\/\/www.lembach.fr\/mairie\/wp-json\/wp\/v2\/posts"}],"about":[{"href":"https:\/\/www.lembach.fr\/mairie\/wp-json\/wp\/v2\/types\/post"}],"author":[{"embeddable":true,"href":"https:\/\/www.lembach.fr\/mairie\/wp-json\/wp\/v2\/users\/1"}],"replies":[{"embeddable":true,"href":"https:\/\/www.lembach.fr\/mairie\/wp-json\/wp\/v2\/comments?post=2691"}],"version-history":[{"count":0,"href":"https:\/\/www.lembach.fr\/mairie\/wp-json\/wp\/v2\/posts\/2691\/revisions"}],"wp:attachment":[{"href":"https:\/\/www.lembach.fr\/mairie\/wp-json\/wp\/v2\/media?parent=2691"}],"wp:term":[{"taxonomy":"category","embeddable":true,"href":"https:\/\/www.lembach.fr\/mairie\/wp-json\/wp\/v2\/categories?post=2691"},{"taxonomy":"post_tag","embeddable":true,"href":"https:\/\/www.lembach.fr\/mairie\/wp-json\/wp\/v2\/tags?post=2691"}],"curies":[{"name":"wp","href":"https:\/\/api.w.org\/{rel}","templated":true}]}}