{"id":2681,"date":"2014-09-13T22:06:21","date_gmt":"2014-09-13T20:06:21","guid":{"rendered":"http:\/\/www.lembach.fr\/mairie\/?p=2681"},"modified":"2014-09-13T22:07:02","modified_gmt":"2014-09-13T20:07:02","slug":"dwaschpritsch-in-de-choucrouterie","status":"publish","type":"post","link":"https:\/\/www.lembach.fr\/mairie\/2014\/09\/13\/dwaschpritsch-in-de-choucrouterie\/","title":{"rendered":"D\u2019Waschpritsch in de Choucrouterie\u00a0!"},"content":{"rendered":"<p align=\"justify\"><span style=\"font-family: Arial,serif;\"><span style=\"font-size: small;\">D\u2019Chourcrouterie vum Roger Siffer h\u00e0t e H\u00e0ndvoll Theatergruppe \u00fcsgew\u00e4hlt fer e Widmung \u00e0n de <i><b>Germain <\/b><\/i><i><b>MULLER<\/b><\/i>. De <i><b>St\u00e9phane <\/b><\/i><i><b>JOST<\/b><\/i><i><b> un sinni B\u00e0nd<\/b><\/i> senn debi un prowe schun e p\u00e0\u00e0r Wuche zwei Steckle vum Germain. Ufg\u2019f\u2019iehrt w\u00e4rre se \u00e0m <b>12. Oktober in Strossburri in de Chroucrouterie<\/b>.<\/span><\/span><\/p>\n<p align=\"justify\"><img loading=\"lazy\" decoding=\"async\" class=\"aligncenter  wp-image-2682\" src=\"http:\/\/www.lembach.fr\/mairie\/wp-content\/uploads\/2014\/09\/le-waschpritch-theater-a-ose.jpg\" alt=\"le-waschpritch-theater-a-ose\" width=\"319\" height=\"230\" \/><\/p>\n<p align=\"justify\"><span style=\"font-family: Arial,serif;\"><span style=\"font-size: small;\">Liewi Waschpritschwiewer un \u2013 Manner ! Mir sin stolz uf Eich. M\u00e0che so witersch un mir frajje uns jetzt schun uf d\u2019 n\u00e4gscht Saison. Lon Eich \u00e0wer net z\u00fc \u00e0rich vun de Steckelburjer verfiehre !<\/span><\/span><\/p>\n<p style=\"text-align: center;\" align=\"justify\">&#8212;&#8212;&#8212;&#8212;&#8212;&#8212;&#8212;&#8212;&#8212;&#8212;&#8212;&#8212;&#8211;<\/p>\n<p align=\"justify\"><strong>Germain Muller<\/strong> (* 11. Juli 1923 in Stra\u00dfburg; \u2020 10. Oktober 1994 ebenda) war ein els\u00e4ssischer Kulturpolitiker sowie ein sehr popul\u00e4rer Kabarettist, Dichter und Theaterautor. Gemeinsam mit Mario Hirl\u00e9 und Raymond Vogel gr\u00fcndete er 1946 das Stra\u00dfburger Theater \u00abLe Barabli\u00bb, das er bis 1988 leitete.<\/p>\n<p align=\"justify\"><img loading=\"lazy\" decoding=\"async\" class=\"aligncenter wp-image-2683 size-full\" style=\"border: 0pt none;\" src=\"http:\/\/www.lembach.fr\/mairie\/wp-content\/uploads\/2014\/09\/Germain_Muller.jpg\" alt=\"Germain_Muller\" width=\"150\" height=\"228\" \/><\/p>\n","protected":false},"excerpt":{"rendered":"<p>D\u2019Chourcrouterie vum Roger Siffer h\u00e0t e H\u00e0ndvoll Theatergruppe \u00fcsgew\u00e4hlt fer e Widmung \u00e0n de Germain MULLER. De St\u00e9phane JOST un sinni B\u00e0nd senn debi un prowe schun e p\u00e0\u00e0r Wuche zwei Steckle vum Germain. Ufg\u2019f\u2019iehrt w\u00e4rre se \u00e0m 12. Oktober in Strossburri in de Chroucrouterie. Liewi Waschpritschwiewer un \u2013 Manner ! Mir sin stolz uf &hellip; <\/p>\n<p><a class=\"more-link btn\" href=\"https:\/\/www.lembach.fr\/mairie\/2014\/09\/13\/dwaschpritsch-in-de-choucrouterie\/\">Lire la suite<\/a><\/p>\n","protected":false},"author":1,"featured_media":0,"comment_status":"closed","ping_status":"closed","sticky":false,"template":"","format":"standard","meta":{"footnotes":""},"categories":[7],"tags":[],"class_list":["post-2681","post","type-post","status-publish","format-standard","hentry","category-manifestations","item-wrap"],"_links":{"self":[{"href":"https:\/\/www.lembach.fr\/mairie\/wp-json\/wp\/v2\/posts\/2681","targetHints":{"allow":["GET"]}}],"collection":[{"href":"https:\/\/www.lembach.fr\/mairie\/wp-json\/wp\/v2\/posts"}],"about":[{"href":"https:\/\/www.lembach.fr\/mairie\/wp-json\/wp\/v2\/types\/post"}],"author":[{"embeddable":true,"href":"https:\/\/www.lembach.fr\/mairie\/wp-json\/wp\/v2\/users\/1"}],"replies":[{"embeddable":true,"href":"https:\/\/www.lembach.fr\/mairie\/wp-json\/wp\/v2\/comments?post=2681"}],"version-history":[{"count":0,"href":"https:\/\/www.lembach.fr\/mairie\/wp-json\/wp\/v2\/posts\/2681\/revisions"}],"wp:attachment":[{"href":"https:\/\/www.lembach.fr\/mairie\/wp-json\/wp\/v2\/media?parent=2681"}],"wp:term":[{"taxonomy":"category","embeddable":true,"href":"https:\/\/www.lembach.fr\/mairie\/wp-json\/wp\/v2\/categories?post=2681"},{"taxonomy":"post_tag","embeddable":true,"href":"https:\/\/www.lembach.fr\/mairie\/wp-json\/wp\/v2\/tags?post=2681"}],"curies":[{"name":"wp","href":"https:\/\/api.w.org\/{rel}","templated":true}]}}