{"id":2678,"date":"2014-09-05T21:57:49","date_gmt":"2014-09-05T19:57:49","guid":{"rendered":"http:\/\/www.lembach.fr\/mairie\/?p=2678"},"modified":"2014-09-13T22:14:10","modified_gmt":"2014-09-13T20:14:10","slug":"mon-oeil-au-bout-des-doigts","status":"publish","type":"post","link":"https:\/\/www.lembach.fr\/mairie\/2014\/09\/05\/mon-oeil-au-bout-des-doigts\/","title":{"rendered":"Mon oeil au bout des doigts"},"content":{"rendered":"<p align=\"justify\"><span style=\"font-family: Arial,serif;\"><span style=\"font-size: small;\"><img loading=\"lazy\" decoding=\"async\" class=\"alignleft wp-image-2679\" src=\"http:\/\/www.lembach.fr\/mairie\/wp-content\/uploads\/2014\/09\/doigt.jpg\" alt=\"doigt\" width=\"175\" height=\"123\" \/>La biblioth\u00e8que municipale vous propose de d\u00e9couvrir le monde de la malvoyance : laissez-vous guider et vous adapter en red\u00e9couvrant sans la vue l\u2019usage des autres sens. Une malle contenant des livres, CD, DVD et des jeux, con\u00e7ue en partenariat avec le vaisseau vous attend j<b>usqu\u2019au 29 septembre<\/b> aux horaires habituels de la biblioth\u00e8que.<\/span><\/span><\/p>\n<p align=\"justify\"><span style=\"font-family: Arial,serif;\"><span style=\"font-size: small;\">Des animations sont pr\u00e9vues le <b>17 et 24 septembre de 16h \u00e0 17h<\/b> pour les enfants \u00e0 partir de 5 ans. Venez Nombreux !<\/span><\/span><\/p>\n","protected":false},"excerpt":{"rendered":"<p>La biblioth\u00e8que municipale vous propose de d\u00e9couvrir le monde de la malvoyance : laissez-vous guider et vous adapter en red\u00e9couvrant sans la vue l\u2019usage des autres sens. Une malle contenant des livres, CD, DVD et des jeux, con\u00e7ue en partenariat avec le vaisseau vous attend jusqu\u2019au 29 septembre aux horaires habituels de la biblioth\u00e8que. Des &hellip; <\/p>\n<p><a class=\"more-link btn\" href=\"https:\/\/www.lembach.fr\/mairie\/2014\/09\/05\/mon-oeil-au-bout-des-doigts\/\">Lire la suite<\/a><\/p>\n","protected":false},"author":1,"featured_media":0,"comment_status":"closed","ping_status":"closed","sticky":false,"template":"","format":"standard","meta":{"footnotes":""},"categories":[17],"tags":[],"class_list":["post-2678","post","type-post","status-publish","format-standard","hentry","category-expositions","item-wrap"],"_links":{"self":[{"href":"https:\/\/www.lembach.fr\/mairie\/wp-json\/wp\/v2\/posts\/2678","targetHints":{"allow":["GET"]}}],"collection":[{"href":"https:\/\/www.lembach.fr\/mairie\/wp-json\/wp\/v2\/posts"}],"about":[{"href":"https:\/\/www.lembach.fr\/mairie\/wp-json\/wp\/v2\/types\/post"}],"author":[{"embeddable":true,"href":"https:\/\/www.lembach.fr\/mairie\/wp-json\/wp\/v2\/users\/1"}],"replies":[{"embeddable":true,"href":"https:\/\/www.lembach.fr\/mairie\/wp-json\/wp\/v2\/comments?post=2678"}],"version-history":[{"count":0,"href":"https:\/\/www.lembach.fr\/mairie\/wp-json\/wp\/v2\/posts\/2678\/revisions"}],"wp:attachment":[{"href":"https:\/\/www.lembach.fr\/mairie\/wp-json\/wp\/v2\/media?parent=2678"}],"wp:term":[{"taxonomy":"category","embeddable":true,"href":"https:\/\/www.lembach.fr\/mairie\/wp-json\/wp\/v2\/categories?post=2678"},{"taxonomy":"post_tag","embeddable":true,"href":"https:\/\/www.lembach.fr\/mairie\/wp-json\/wp\/v2\/tags?post=2678"}],"curies":[{"name":"wp","href":"https:\/\/api.w.org\/{rel}","templated":true}]}}