{"id":2651,"date":"2014-10-30T17:54:09","date_gmt":"2014-10-30T15:54:09","guid":{"rendered":"http:\/\/www.lembach.fr\/mairie\/?p=2651"},"modified":"2014-10-30T19:53:45","modified_gmt":"2014-10-30T17:53:45","slug":"lehpad-fete-ses-10-ans","status":"publish","type":"post","link":"https:\/\/www.lembach.fr\/mairie\/2014\/10\/30\/lehpad-fete-ses-10-ans\/","title":{"rendered":"L&rsquo;EHPAD f\u00eate ses 10 ans"},"content":{"rendered":"<h3 style=\"text-align: center;\"><strong>L\u2019EHPAD \u00ab\u00a0Paul BERTOLOLY\u00a0\u00bb f\u00eatera cette ann\u00e9e ses 10 ans.<\/strong><\/h3>\n<p>En d\u00e9cembre 2004, l\u2019EHPAD accueillait ses tous premiers r\u00e9sidents. Gr\u00e2ce \u00e0 la mise \u00e0 disposition pour l\u2019euro symbolique d\u2019un terrain par la commune de LEMBACH, l\u2019association \u00e0 but non lucratif HOSPITALOR a ouvert cet \u00e9tablissement. HOSPITALOR fait aujourd\u2019hui partie du Groupe SOS dont le c\u0153ur de m\u00e9tier est la lutte contre les exclusions, et d\u00e9veloppant des activit\u00e9s dans les champs du sanitaire, du m\u00e9dico-social, de l\u2019\u00e9ducation, de l\u2019insertion, \u00e0 travers la France et \u00e0 l\u2019International.<\/p>\n<p>L\u2019EHPAD \u00ab\u00a0Paul BERTOLOLY\u00a0\u00bb, v\u00e9ritable lieu de vie, accueille \u00e0 ce jour 43 personnes\u00a0: 40 en h\u00e9bergement permanent et 3 en h\u00e9bergement temporaire, permettant de soulager les aidants familiaux, pour des s\u00e9jours de quelques jours ou semaines. L\u2019\u00e9tablissement dispose d\u2019une unit\u00e9 de vie prot\u00e9g\u00e9e de 12 lits pour des personnes atteintes de d\u00e9mence type Alzheimer et dont le maintien \u00e0 domicile devient difficile.<\/p>\n<p>Pour satisfaire aux besoins et au bien- \u00eatre des r\u00e9sidents, environ trente salari\u00e9s, de Lembach et des environs proches, donnent le meilleur d\u2019eux m\u00eame et assurent les soins, services d\u2019h\u00e9bergement et de restauration, sans oublier les animations diverses et vari\u00e9es\u00a0: tricot, chants, jeux de soci\u00e9t\u00e9, ateliers vari\u00e9s, sorties\u2026 Ils sont \u00e9paul\u00e9s par de nombreux b\u00e9n\u00e9voles qui donnent de leur temps et font rentrer la vie dans l\u2019\u00e9tablissement afin d\u2019\u00e9gayer les journ\u00e9es des personnes accueillies.<\/p>\n<p>Continuer \u00e0 \u00eatre \u00e0 l\u2019\u00e9coute des r\u00e9sidents, satisfaire les besoins des personnes accueillies, assurer une diversification de la prise en charge, constituent nos missions principales afin de construire ensemble notre EHPAD de demain et de relever ensemble le d\u00e9fi du grand \u00e2ge.<\/p>\n<p><img loading=\"lazy\" decoding=\"async\" class=\"aligncenter size-full wp-image-2652\" src=\"http:\/\/www.lembach.fr\/mairie\/wp-content\/uploads\/2014\/08\/670006279-1.jpg\" alt=\"670006279-1\" width=\"400\" height=\"269\" srcset=\"https:\/\/www.lembach.fr\/mairie\/wp-content\/uploads\/2014\/08\/670006279-1.jpg 400w, https:\/\/www.lembach.fr\/mairie\/wp-content\/uploads\/2014\/08\/670006279-1-300x201.jpg 300w\" sizes=\"auto, (max-width: 400px) 100vw, 400px\" \/><\/p>\n","protected":false},"excerpt":{"rendered":"<p>L\u2019EHPAD \u00ab\u00a0Paul BERTOLOLY\u00a0\u00bb f\u00eatera cette ann\u00e9e ses 10 ans. En d\u00e9cembre 2004, l\u2019EHPAD accueillait ses tous premiers r\u00e9sidents. Gr\u00e2ce \u00e0 la mise \u00e0 disposition pour l\u2019euro symbolique d\u2019un terrain par la commune de LEMBACH, l\u2019association \u00e0 but non lucratif HOSPITALOR a ouvert cet \u00e9tablissement. HOSPITALOR fait aujourd\u2019hui partie du Groupe SOS dont le c\u0153ur de &hellip; <\/p>\n<p><a class=\"more-link btn\" href=\"https:\/\/www.lembach.fr\/mairie\/2014\/10\/30\/lehpad-fete-ses-10-ans\/\">Lire la suite<\/a><\/p>\n","protected":false},"author":1,"featured_media":0,"comment_status":"closed","ping_status":"closed","sticky":false,"template":"","format":"standard","meta":{"footnotes":""},"categories":[12],"tags":[],"class_list":["post-2651","post","type-post","status-publish","format-standard","hentry","category-informations","item-wrap"],"_links":{"self":[{"href":"https:\/\/www.lembach.fr\/mairie\/wp-json\/wp\/v2\/posts\/2651","targetHints":{"allow":["GET"]}}],"collection":[{"href":"https:\/\/www.lembach.fr\/mairie\/wp-json\/wp\/v2\/posts"}],"about":[{"href":"https:\/\/www.lembach.fr\/mairie\/wp-json\/wp\/v2\/types\/post"}],"author":[{"embeddable":true,"href":"https:\/\/www.lembach.fr\/mairie\/wp-json\/wp\/v2\/users\/1"}],"replies":[{"embeddable":true,"href":"https:\/\/www.lembach.fr\/mairie\/wp-json\/wp\/v2\/comments?post=2651"}],"version-history":[{"count":0,"href":"https:\/\/www.lembach.fr\/mairie\/wp-json\/wp\/v2\/posts\/2651\/revisions"}],"wp:attachment":[{"href":"https:\/\/www.lembach.fr\/mairie\/wp-json\/wp\/v2\/media?parent=2651"}],"wp:term":[{"taxonomy":"category","embeddable":true,"href":"https:\/\/www.lembach.fr\/mairie\/wp-json\/wp\/v2\/categories?post=2651"},{"taxonomy":"post_tag","embeddable":true,"href":"https:\/\/www.lembach.fr\/mairie\/wp-json\/wp\/v2\/tags?post=2651"}],"curies":[{"name":"wp","href":"https:\/\/api.w.org\/{rel}","templated":true}]}}