{"id":2630,"date":"2014-08-16T16:48:13","date_gmt":"2014-08-16T15:48:13","guid":{"rendered":"http:\/\/www.lembach.fr\/mairie\/?p=2630"},"modified":"2014-08-18T13:55:41","modified_gmt":"2014-08-18T11:55:41","slug":"lembach-au-fil-du-temps","status":"publish","type":"post","link":"https:\/\/www.lembach.fr\/mairie\/2014\/08\/16\/lembach-au-fil-du-temps\/","title":{"rendered":"Lembach au fil du temps"},"content":{"rendered":"<h2>Une publication majeure pour notre commune est disponible sous forme de souscription jusqu&rsquo;\u00e0 fin septembre.<\/h2>\n<p>Nich\u00e9 sur la confluence de deux cours d&rsquo;eau, la Sauer et le Heimbach, Lembach est envelopp\u00e9 dans un \u00e9pais manteau de for\u00eats qui couvrent les trois quarts de son ban, le quatri\u00e8me d&rsquo;Alsace.<\/p>\n<p>C&rsquo;est une commune frontali\u00e8re, une situation dont elle a subi les inconv\u00e9nients tout en profitant de ses atouts.<\/p>\n<p>C&rsquo;est enfin sur ses terres que se dressent les ruines du ch\u00e2teau de Fleckenstein, majestueuse nef de gr\u00e8s que la famille du m\u00eame nom, l&rsquo;une des plus influentes et les plus riches de la Basse-Alsace avait transform\u00e9e en forteresse m\u00e9di\u00e9vale imprenable. Voil\u00e0 le cadre dans lequel s&rsquo;est inscrit le pass\u00e9 de la commune.<br \/>\n<img loading=\"lazy\" decoding=\"async\" class=\"aligncenter size-full wp-image-2632\" src=\"http:\/\/www.lembach.fr\/mairie\/wp-content\/uploads\/2014\/08\/au_fil_du_temps_1.jpg\" alt=\"au_fil_du_temps_1\" width=\"500\" height=\"396\" srcset=\"https:\/\/www.lembach.fr\/mairie\/wp-content\/uploads\/2014\/08\/au_fil_du_temps_1.jpg 500w, https:\/\/www.lembach.fr\/mairie\/wp-content\/uploads\/2014\/08\/au_fil_du_temps_1-300x237.jpg 300w\" sizes=\"auto, (max-width: 500px) 100vw, 500px\" \/><\/p>\n<p>L&rsquo;auteur de l&rsquo;ouvrage, Charles Schlosser, aborde son histoire au travers de cinq grands chapitres :<\/p>\n<ul>\n<li><strong>Traces anciennes<\/strong><\/li>\n<li><strong>Le bourg et son territoire<\/strong><\/li>\n<li><strong>For\u00eats et eaux<\/strong><\/li>\n<li><strong>T\u00e9moins du patrimoine b\u00e2ti<\/strong><\/li>\n<li><strong>Le patrimoine vivant<\/strong><\/li>\n<\/ul>\n<p>Richement illustr\u00e9, document\u00e9 par de nombreuses archives, \u00ab\u00a0<em><strong>LEMBACH, AU FIL DU TEMPS<\/strong><\/em>\u00a0\u00bb se propose de vous faire d\u00e9couvrir ou mieux conna\u00eetre Lembach, station verte du Parc Naturel des Vosges du Nord.<\/p>\n<p><strong>Vous pouvez commander cet ouvrage disponible jusqu&rsquo;au 30 septembre sous forme de souscription en remplissant le bulletin ci-dessous et en l&rsquo;adressant avec le r\u00e8glement \u00e0 l&rsquo;auteur.<\/strong><\/p>\n<p><a href=\"http:\/\/www.lembach.fr\/mairie\/wp-content\/uploads\/2014\/08\/au_fil_du_temps.pdf\" target=\"_blank\"><img loading=\"lazy\" decoding=\"async\" class=\"aligncenter size-full wp-image-2633\" src=\"http:\/\/www.lembach.fr\/mairie\/wp-content\/uploads\/2014\/08\/au_fil_du_temps_2.jpg\" alt=\"au_fil_du_temps_2\" width=\"600\" height=\"419\" srcset=\"https:\/\/www.lembach.fr\/mairie\/wp-content\/uploads\/2014\/08\/au_fil_du_temps_2.jpg 600w, https:\/\/www.lembach.fr\/mairie\/wp-content\/uploads\/2014\/08\/au_fil_du_temps_2-300x209.jpg 300w\" sizes=\"auto, (max-width: 600px) 100vw, 600px\" \/><\/a><\/p>\n","protected":false},"excerpt":{"rendered":"<p>Une publication majeure pour notre commune est disponible sous forme de souscription jusqu&rsquo;\u00e0 fin septembre. Nich\u00e9 sur la confluence de deux cours d&rsquo;eau, la Sauer et le Heimbach, Lembach est envelopp\u00e9 dans un \u00e9pais manteau de for\u00eats qui couvrent les trois quarts de son ban, le quatri\u00e8me d&rsquo;Alsace. C&rsquo;est une commune frontali\u00e8re, une situation dont &hellip; <\/p>\n<p><a class=\"more-link btn\" href=\"https:\/\/www.lembach.fr\/mairie\/2014\/08\/16\/lembach-au-fil-du-temps\/\">Lire la suite<\/a><\/p>\n","protected":false},"author":1,"featured_media":0,"comment_status":"closed","ping_status":"closed","sticky":false,"template":"","format":"standard","meta":{"footnotes":""},"categories":[19],"tags":[],"class_list":["post-2630","post","type-post","status-publish","format-standard","hentry","category-publications","item-wrap"],"_links":{"self":[{"href":"https:\/\/www.lembach.fr\/mairie\/wp-json\/wp\/v2\/posts\/2630","targetHints":{"allow":["GET"]}}],"collection":[{"href":"https:\/\/www.lembach.fr\/mairie\/wp-json\/wp\/v2\/posts"}],"about":[{"href":"https:\/\/www.lembach.fr\/mairie\/wp-json\/wp\/v2\/types\/post"}],"author":[{"embeddable":true,"href":"https:\/\/www.lembach.fr\/mairie\/wp-json\/wp\/v2\/users\/1"}],"replies":[{"embeddable":true,"href":"https:\/\/www.lembach.fr\/mairie\/wp-json\/wp\/v2\/comments?post=2630"}],"version-history":[{"count":0,"href":"https:\/\/www.lembach.fr\/mairie\/wp-json\/wp\/v2\/posts\/2630\/revisions"}],"wp:attachment":[{"href":"https:\/\/www.lembach.fr\/mairie\/wp-json\/wp\/v2\/media?parent=2630"}],"wp:term":[{"taxonomy":"category","embeddable":true,"href":"https:\/\/www.lembach.fr\/mairie\/wp-json\/wp\/v2\/categories?post=2630"},{"taxonomy":"post_tag","embeddable":true,"href":"https:\/\/www.lembach.fr\/mairie\/wp-json\/wp\/v2\/tags?post=2630"}],"curies":[{"name":"wp","href":"https:\/\/api.w.org\/{rel}","templated":true}]}}